{"id":100094,"date":"2019-06-14T11:33:36","date_gmt":"2019-06-14T14:33:36","guid":{"rendered":"http:\/\/www.caririemacao.com\/1\/?p=100094"},"modified":"2019-06-14T11:33:36","modified_gmt":"2019-06-14T14:33:36","slug":"homem-e-preso-apos-atingir-o-irmao-com-panela-de-pressao","status":"publish","type":"post","link":"https:\/\/www.caririemacao.com\/1\/2019\/06\/14\/homem-e-preso-apos-atingir-o-irmao-com-panela-de-pressao\/","title":{"rendered":"Homem \u00e9 preso ap\u00f3s atingir o irm\u00e3o com panela de press\u00e3o"},"content":{"rendered":"\n<p>Um homem foi preso na tarde desta quinta-feira (13) ap\u00f3s agredir seu pr\u00f3prio irm\u00e3o utilizando uma panela de press\u00e3o. O caso aconteceu no Alto da Gruta, localizado em S\u00e3o Gon\u00e7alo, distrito de Sousa, no Sert\u00e3o do Estado.<\/p>\n\n\n\n<p>O agressor foi identificado como Francinildo Andrade da Silva, de 48 anos de idade, que \u00e9 ex-presidi\u00e1rio.<\/p>\n\n\n\n<p>Policiais Militares do Destacamento de Mariz\u00f3polis foram acionados ap\u00f3s den\u00fancias e iniciaram dilig\u00eancias. Pouco tempo depois, o agressor foi localizado e recebeu voz de pris\u00e3o.<\/p>\n\n\n\n<p>O homem foi conduzido para a Delegacia de Pol\u00edcia Civil da cidade de Sousa para aguardar os procedimentos legais.<\/p>\n\n\n\n<p>O Servi\u00e7o de Atendimento M\u00f3vel de Urg\u00eancia (Samu) foi at\u00e9 o local para fazer os primeiros atendimentos \u00e0 v\u00edtima. O homem ferido foi conduzido at\u00e9 o Hospital Regional de Sousa<\/p>\n","protected":false},"excerpt":{"rendered":"<p>Um homem foi preso na tarde desta quinta-feira (13) ap\u00f3s agredir seu pr\u00f3prio irm\u00e3o utilizando uma panela de press\u00e3o. O caso aconteceu no Alto da&hellip; <\/p>\n","protected":false},"author":1,"featured_media":100097,"comment_status":"closed","ping_status":"closed","sticky":false,"template":"","format":"standard","meta":{"sfsi_plus_gutenberg_text_before_share":"","sfsi_plus_gutenberg_show_text_before_share":"","sfsi_plus_gutenberg_icon_type":"","sfsi_plus_gutenberg_icon_alignemt":"","sfsi_plus_gutenburg_max_per_row":"","footnotes":""},"categories":[12],"tags":[],"class_list":["post-100094","post","type-post","status-publish","format-standard","has-post-thumbnail","hentry","category-policia"],"_links":{"self":[{"href":"https:\/\/www.caririemacao.com\/1\/wp-json\/wp\/v2\/posts\/100094","targetHints":{"allow":["GET"]}}],"collection":[{"href":"https:\/\/www.caririemacao.com\/1\/wp-json\/wp\/v2\/posts"}],"about":[{"href":"https:\/\/www.caririemacao.com\/1\/wp-json\/wp\/v2\/types\/post"}],"author":[{"embeddable":true,"href":"https:\/\/www.caririemacao.com\/1\/wp-json\/wp\/v2\/users\/1"}],"replies":[{"embeddable":true,"href":"https:\/\/www.caririemacao.com\/1\/wp-json\/wp\/v2\/comments?post=100094"}],"version-history":[{"count":1,"href":"https:\/\/www.caririemacao.com\/1\/wp-json\/wp\/v2\/posts\/100094\/revisions"}],"predecessor-version":[{"id":100098,"href":"https:\/\/www.caririemacao.com\/1\/wp-json\/wp\/v2\/posts\/100094\/revisions\/100098"}],"wp:featuredmedia":[{"embeddable":true,"href":"https:\/\/www.caririemacao.com\/1\/wp-json\/wp\/v2\/media\/100097"}],"wp:attachment":[{"href":"https:\/\/www.caririemacao.com\/1\/wp-json\/wp\/v2\/media?parent=100094"}],"wp:term":[{"taxonomy":"category","embeddable":true,"href":"https:\/\/www.caririemacao.com\/1\/wp-json\/wp\/v2\/categories?post=100094"},{"taxonomy":"post_tag","embeddable":true,"href":"https:\/\/www.caririemacao.com\/1\/wp-json\/wp\/v2\/tags?post=100094"}],"curies":[{"name":"wp","href":"https:\/\/api.w.org\/{rel}","templated":true}]}}