{"id":100103,"date":"2019-06-14T11:37:38","date_gmt":"2019-06-14T14:37:38","guid":{"rendered":"http:\/\/www.caririemacao.com\/1\/?p=100103"},"modified":"2019-06-14T11:37:38","modified_gmt":"2019-06-14T14:37:38","slug":"festival-de-quadrilhas-de-monteiro-tem-brilho-especial-com-apresentacoes-do-servico-de-convivencia","status":"publish","type":"post","link":"https:\/\/www.caririemacao.com\/1\/2019\/06\/14\/festival-de-quadrilhas-de-monteiro-tem-brilho-especial-com-apresentacoes-do-servico-de-convivencia\/","title":{"rendered":"Festival de Quadrilhas de Monteiro tem brilho especial com apresenta\u00e7\u00f5es do Servi\u00e7o de Conviv\u00eancia"},"content":{"rendered":"\n<hr class=\"wp-block-separator\"\/>\n\n\n\n<p>Continuando o tradicional Festival de Quadrilhas de Ruas, o bairro do Alto de S\u00e3o Vicente ganhou uma festa \u00e0 altura da comunidade na noite desta quarta-feira (12). Organizada pela Secretaria de Desenvolvimento Social, as apresenta\u00e7\u00f5es que deram inicio as festividades foram coreografadas durante as atividades realizadas no Servi\u00e7o de Conviv\u00eancia e Fortalecimento de V\u00ednculos.<\/p>\n\n\n\n<p>As crian\u00e7as prestaram uma linda homenagem \u00e0 prefeita Anna Lorena, que teve sua continua\u00e7\u00e3o durante a primeira apresenta\u00e7\u00e3o da Quadrilha da Melhor Idade. As damas e cavalheiros presentearam a gestora com um belo quadro religioso.<\/p>\n\n\n\n<p>Ainda sem perder o pique, os idosos de Monteiro ainda recepcionaram os zabeleenses do Servi\u00e7o de Conviv\u00eancia e Fortalecimento de V\u00ednculos daquele munic\u00edpio, dan\u00e7ando uma grande, colorida e divertida quadrilha com o melhor do forr\u00f3 p\u00e9 de serra.<\/p>\n\n\n\n<p>Ainda dentro das personalidades que prestigiaram a festa, al\u00e9m de vereadores e a equipe de governo da Prefeitura de Monteiro, a senhora mais famosa da cidade tamb\u00e9m esteve presente, a Dona Cotinha Show, que com muita alegria recebeu o carinho de todos.<\/p>\n\n\n\n<p>Outro ponto que mereceu destaque no evento foi a presen\u00e7a da popula\u00e7\u00e3o que se reuniu e prestigiou todas as atra\u00e7\u00f5es art\u00edsticas e l\u00fadicas preparadas pelas equipes da Secretaria de Desenvolvimento Social. Para adultos e crian\u00e7as teve barracas de comidas t\u00edpicas, para crian\u00e7as barracas com brincadeiras como pescaria e pula \u2013pula, al\u00e9m de outras brincadeiras. Para os adultos ainda teve o correio elegante, que segundo a secret\u00e1ria da pasta Rosa Aleixo, foi pensado para remeter \u00e0s antigas comemora\u00e7\u00f5es juninas.<\/p>\n\n\n\n<p>A anima\u00e7\u00e3o continuou noite a dentro com a quadrilha principal, que tamb\u00e9m arrancou elogios da mesa de honra e da pr\u00f3pria comunidade que prestigiou.<\/p>\n\n\n\n<p>\u201cEsta \u00e9 mais uma noite de sucesso do nosso S\u00e3o Jo\u00e3o, mas com um gostinho a mais pois inclui o trabalho e a dedica\u00e7\u00e3o dos nossos idosos e crian\u00e7as do Servi\u00e7o de Conviv\u00eancia e Fortalecimento de V\u00ednculos. Mais uma vez agradecemos a todos que prestigiaram esse momento t\u00e3o importante para n\u00f3s\u201d, conclui a secret\u00e1ria Rosa Aleixo.<\/p>\n","protected":false},"excerpt":{"rendered":"<p>Continuando o tradicional Festival de Quadrilhas de Ruas, o bairro do Alto de S\u00e3o Vicente ganhou uma festa \u00e0 altura da comunidade na noite desta&hellip; <\/p>\n","protected":false},"author":1,"featured_media":100104,"comment_status":"closed","ping_status":"closed","sticky":false,"template":"","format":"standard","meta":{"sfsi_plus_gutenberg_text_before_share":"","sfsi_plus_gutenberg_show_text_before_share":"","sfsi_plus_gutenberg_icon_type":"","sfsi_plus_gutenberg_icon_alignemt":"","sfsi_plus_gutenburg_max_per_row":"","footnotes":""},"categories":[2],"tags":[],"class_list":["post-100103","post","type-post","status-publish","format-standard","has-post-thumbnail","hentry","category-geral"],"_links":{"self":[{"href":"https:\/\/www.caririemacao.com\/1\/wp-json\/wp\/v2\/posts\/100103","targetHints":{"allow":["GET"]}}],"collection":[{"href":"https:\/\/www.caririemacao.com\/1\/wp-json\/wp\/v2\/posts"}],"about":[{"href":"https:\/\/www.caririemacao.com\/1\/wp-json\/wp\/v2\/types\/post"}],"author":[{"embeddable":true,"href":"https:\/\/www.caririemacao.com\/1\/wp-json\/wp\/v2\/users\/1"}],"replies":[{"embeddable":true,"href":"https:\/\/www.caririemacao.com\/1\/wp-json\/wp\/v2\/comments?post=100103"}],"version-history":[{"count":1,"href":"https:\/\/www.caririemacao.com\/1\/wp-json\/wp\/v2\/posts\/100103\/revisions"}],"predecessor-version":[{"id":100105,"href":"https:\/\/www.caririemacao.com\/1\/wp-json\/wp\/v2\/posts\/100103\/revisions\/100105"}],"wp:featuredmedia":[{"embeddable":true,"href":"https:\/\/www.caririemacao.com\/1\/wp-json\/wp\/v2\/media\/100104"}],"wp:attachment":[{"href":"https:\/\/www.caririemacao.com\/1\/wp-json\/wp\/v2\/media?parent=100103"}],"wp:term":[{"taxonomy":"category","embeddable":true,"href":"https:\/\/www.caririemacao.com\/1\/wp-json\/wp\/v2\/categories?post=100103"},{"taxonomy":"post_tag","embeddable":true,"href":"https:\/\/www.caririemacao.com\/1\/wp-json\/wp\/v2\/tags?post=100103"}],"curies":[{"name":"wp","href":"https:\/\/api.w.org\/{rel}","templated":true}]}}