{"id":100433,"date":"2019-06-16T11:43:46","date_gmt":"2019-06-16T14:43:46","guid":{"rendered":"http:\/\/www.caririemacao.com\/1\/?p=100433"},"modified":"2019-06-16T11:43:46","modified_gmt":"2019-06-16T14:43:46","slug":"rc-e-destaque-na-imprensa-internacional-ao-comentar-sobre-moro-e-vaza-jato","status":"publish","type":"post","link":"https:\/\/www.caririemacao.com\/1\/2019\/06\/16\/rc-e-destaque-na-imprensa-internacional-ao-comentar-sobre-moro-e-vaza-jato\/","title":{"rendered":"RC \u00e9 destaque na imprensa internacional ao comentar sobre Moro e \u2018Vaza Jato\u2019"},"content":{"rendered":"\n<p>O ex-governador Ricardo Coutinho (PSB) foi destaque na edi\u00e7\u00e3o de s\u00e1bado (15) do jornal portugu\u00eas Expresso, ao comentar sobre o vazamento de mensagens atribu\u00eddas ao ent\u00e3o juiz e atual ministro da Justi\u00e7a, S\u00e9rgio Moro, e procurador da Rep\u00fablica, Deltan Dallagnol, no tocante a a\u00e7\u00f5es da Opera\u00e7\u00e3o Lava Jato e prender o ex-presidente Lula (PT).<\/p>\n\n\n\n<p>A publica\u00e7\u00e3o portuguesa questiona o socialista sobre a quem interessa a verdade no caso de Moro, Ricardo responde: \u201c\u00c1 democracia\u201d.<\/p>\n\n\n\n<p>O ve\u00edculo ressalta que Ricardo articula uma frente de esquerda suprapartid\u00e1ria com os candidatos \u00e0 presid\u00eancia Fernando Haddad (PT) e Guilherme Boullos (PSOL).<\/p>\n\n\n\n<p>\u201cCoutinho v\u00ea uma crise muito grave decorrente do \u00f3dio \u00e0 pol\u00b4tica que se estabeleceu e cresce no Brasil. Parte dele pode ser explicado pelas grava\u00e7\u00f5es que vieram \u00e0 tona e confirmam \u2018uma conspira\u00e7\u00e3o comandada por Moro e procuradores que resolveram agir na pol\u00edtica&#8217;\u201d\u201d, versa trecho da reportagem .<\/p>\n\n\n\n<p>\u201cEst\u00e1 claro que s\u00e3o pessoas que decidiram mexer com a hist\u00f3ria do Brasil, atuar nas elei\u00e7\u00f5es e garantir a ascens\u00e3o de algu\u00e9m de extrema-direita, por acreditarem que os fins justificam os meios\u201d, afirmou Ricardo. O que para publica\u00e7\u00e3o \u201cresume a vis\u00e3o da esquerda\u201d sobre o caso.<\/p>\n\n\n\n<p>A entrevista est\u00e1 dispon\u00edvel no&nbsp;<a href=\"https:\/\/expresso.pt\/internacional\/2019-06-15-Sergio-Moro-implacavel-mas-nao-imparcial\" target=\"_blank\" rel=\"noreferrer noopener\"><strong>site do jornal Expresso<\/strong><\/a>.&nbsp;<strong>Confira trecho da reportagem:<\/strong><\/p>\n\n\n\n<div class=\"wp-block-image\"><figure class=\"aligncenter\"><img decoding=\"async\" data-src=\"https:\/\/paraibaja.com.br\/wp-content\/uploads\/2019\/06\/ricardo-coutinho-jornal-portugues-imprensa-internacional-moro-vaza-jato-651x1024.jpg\" alt=\"\" class=\"wp-image-149990 lazyload\" src=\"data:image\/svg+xml;base64,PHN2ZyB3aWR0aD0iMSIgaGVpZ2h0PSIxIiB4bWxucz0iaHR0cDovL3d3dy53My5vcmcvMjAwMC9zdmciPjwvc3ZnPg==\" style=\"--smush-placeholder-width: 651px; --smush-placeholder-aspect-ratio: 651\/1024;\" \/><\/figure><\/div>\n","protected":false},"excerpt":{"rendered":"<p>O ex-governador Ricardo Coutinho (PSB) foi destaque na edi\u00e7\u00e3o de s\u00e1bado (15) do jornal portugu\u00eas Expresso, ao comentar sobre o vazamento de mensagens atribu\u00eddas ao&hellip; <\/p>\n","protected":false},"author":1,"featured_media":38867,"comment_status":"closed","ping_status":"closed","sticky":false,"template":"","format":"standard","meta":{"sfsi_plus_gutenberg_text_before_share":"","sfsi_plus_gutenberg_show_text_before_share":"","sfsi_plus_gutenberg_icon_type":"","sfsi_plus_gutenberg_icon_alignemt":"","sfsi_plus_gutenburg_max_per_row":"","footnotes":""},"categories":[50,11],"tags":[],"class_list":["post-100433","post","type-post","status-publish","format-standard","has-post-thumbnail","hentry","category-destaque","category-politica"],"_links":{"self":[{"href":"https:\/\/www.caririemacao.com\/1\/wp-json\/wp\/v2\/posts\/100433","targetHints":{"allow":["GET"]}}],"collection":[{"href":"https:\/\/www.caririemacao.com\/1\/wp-json\/wp\/v2\/posts"}],"about":[{"href":"https:\/\/www.caririemacao.com\/1\/wp-json\/wp\/v2\/types\/post"}],"author":[{"embeddable":true,"href":"https:\/\/www.caririemacao.com\/1\/wp-json\/wp\/v2\/users\/1"}],"replies":[{"embeddable":true,"href":"https:\/\/www.caririemacao.com\/1\/wp-json\/wp\/v2\/comments?post=100433"}],"version-history":[{"count":1,"href":"https:\/\/www.caririemacao.com\/1\/wp-json\/wp\/v2\/posts\/100433\/revisions"}],"predecessor-version":[{"id":100434,"href":"https:\/\/www.caririemacao.com\/1\/wp-json\/wp\/v2\/posts\/100433\/revisions\/100434"}],"wp:featuredmedia":[{"embeddable":true,"href":"https:\/\/www.caririemacao.com\/1\/wp-json\/wp\/v2\/media\/38867"}],"wp:attachment":[{"href":"https:\/\/www.caririemacao.com\/1\/wp-json\/wp\/v2\/media?parent=100433"}],"wp:term":[{"taxonomy":"category","embeddable":true,"href":"https:\/\/www.caririemacao.com\/1\/wp-json\/wp\/v2\/categories?post=100433"},{"taxonomy":"post_tag","embeddable":true,"href":"https:\/\/www.caririemacao.com\/1\/wp-json\/wp\/v2\/tags?post=100433"}],"curies":[{"name":"wp","href":"https:\/\/api.w.org\/{rel}","templated":true}]}}