{"id":100439,"date":"2019-06-16T15:46:05","date_gmt":"2019-06-16T18:46:05","guid":{"rendered":"http:\/\/www.caririemacao.com\/1\/?p=100439"},"modified":"2019-06-16T15:46:05","modified_gmt":"2019-06-16T18:46:05","slug":"sefaz-pb-libera-emissao-de-nota-fiscal-avulsa-para-produtores-rurais","status":"publish","type":"post","link":"https:\/\/www.caririemacao.com\/1\/2019\/06\/16\/sefaz-pb-libera-emissao-de-nota-fiscal-avulsa-para-produtores-rurais\/","title":{"rendered":"Sefaz-PB libera emiss\u00e3o de Nota Fiscal Avulsa para produtores rurais"},"content":{"rendered":"\n<p>Os pequenos produtores rurais da Para\u00edba, que participam do Programa Nacional de Alimenta\u00e7\u00e3o Escolar (Pnae) e do Programa de Aquisi\u00e7\u00e3o de Alimentos (PAA), ter\u00e3o mais acesso e facilidade para emitir a Nota Fiscal Avulsa Eletr\u00f4nica (NFA-e) e comercializar os seus produtos legalmente.<\/p>\n\n\n\n<p>A partir deste m\u00eas de junho, os escrit\u00f3rios da Empresa Paraibana de Pesquisa, Extens\u00e3o Rural e Regulariza\u00e7\u00e3o Fundi\u00e1ria (Empaer-PB), presentes em 221 munic\u00edpios do Estado, est\u00e3o com a libera\u00e7\u00e3o do acesso restrito para a emiss\u00e3o da Nota Fiscal Avulsa, que \u00e9 emitida eletronicamente, via portal da Secretaria do Estado da Fazenda (Sefaz-PB). O credenciamento de novos produtores rurais para ter acesso \u00e0 emiss\u00e3o tamb\u00e9m continua na Empaer.<\/p>\n\n\n\n<p>Segundo o gerente Operacional de Informa\u00e7\u00f5es Fiscais da Sefaz-PB, Marx Gusm\u00e3o, a medida de liberar a emiss\u00e3o da Nota Fiscal Avulsa para os escrit\u00f3rios da Empaer foi tomada em comum acordo entre os \u00f3rg\u00e3os, na \u00faltima semana.<\/p>\n\n\n\n<p>\u201cComo temos 20 reparti\u00e7\u00f5es fiscais e a Empaer 221 escrit\u00f3rios no Estado, a Sefaz-PB decidiu que a libera\u00e7\u00e3o dos acessos restritos de credenciamento e de emiss\u00e3o de Nota Avulsa dos produtores via Empaer-PB facilitaria a vida do produtor rural. Al\u00e9m do n\u00famero de escrit\u00f3rios abertos no Estado (221), a Empaer, como \u00f3rg\u00e3o de extens\u00e3o rural, mant\u00e9m uma rela\u00e7\u00e3o mais pr\u00f3xima com o pequeno produtor\u201c, revelou.<\/p>\n\n\n\n<figure class=\"wp-block-image\"><img decoding=\"async\" data-src=\"https:\/\/paraibaonline.com.br\/wp-content\/uploads\/2018\/09\/feira-produtor0609a-567x377.jpg\" alt=\"Foto: Secom\/PB\" class=\"wp-image-497686 lazyload\" src=\"data:image\/svg+xml;base64,PHN2ZyB3aWR0aD0iMSIgaGVpZ2h0PSIxIiB4bWxucz0iaHR0cDovL3d3dy53My5vcmcvMjAwMC9zdmciPjwvc3ZnPg==\" style=\"--smush-placeholder-width: 567px; --smush-placeholder-aspect-ratio: 567\/377;\" \/><\/figure>\n\n\n\n<p>Foto: Secom\/PB<\/p>\n\n\n\n<p>Emiss\u00e3o de Nota em 221 munic\u00edpios \u2013 O presidente da Empaer-PB, Nivaldo Moreno de Magalh\u00e3es, afirmou que essa libera\u00e7\u00e3o dos servi\u00e7os de emiss\u00e3o da Nota Avulsa e do credenciamento dos produtores rurais ser\u00e1 bem suprida pela capilaridade do \u00f3rg\u00e3o no Estado.<\/p>\n\n\n\n<p>\u201cJ\u00e1 temos escrit\u00f3rios abertos da Empaer em 221 dos 223 munic\u00edpios do Estado e, at\u00e9 o final do m\u00eas de julho, deveremos completar a presen\u00e7a do \u00f3rg\u00e3o na totalidade do Estado com abertura de dois novos escrit\u00f3rios: as cidades de Caldas Brand\u00e3o e de Riach\u00e3o de Bacamarte.<\/p>\n\n\n\n<p>At\u00e9 a abertura desses dois novos escrit\u00f3rios, os produtores rurais desses munic\u00edpios poder\u00e3o emitir a Nota Avulsa ou se credenciar nos escrit\u00f3rios da Empaer-PB mais pr\u00f3ximos de seu domic\u00edlio ou ent\u00e3o no escrit\u00f3rio-sede daquela regi\u00e3o, que \u00e9 do munic\u00edpio de Itabaiana\u201d, informou.<\/p>\n\n\n\n<p>Isen\u00e7\u00e3o de ICMS \u2013 Os produtores rurais, que fazem parte do Programa Nacional de Alimenta\u00e7\u00e3o Escolar (Pnae) e do Programa de Aquisi\u00e7\u00e3o de Alimentos (PAA), contam com incentivo fiscal do Governo da Para\u00edba. Eles t\u00eam isen\u00e7\u00e3o de ICMS nos produtos comercializados com \u00f3rg\u00e3os p\u00fablicos e empresas, mas com limites de valores.<\/p>\n\n\n\n<p>Para o produtor rural que participa do Pnae, por exemplo, voltado para venda de seus produtos nas escolas, o limite anual de isen\u00e7\u00e3o de ICMS na comercializa\u00e7\u00e3o \u00e9 de at\u00e9 R$ 20 mil, por cada emitente, enquanto aqueles que tamb\u00e9m participam do PAA o limite de isen\u00e7\u00e3o de ICMS \u00e9 de R$ 6.500 por emitente\/ano.<\/p>\n\n\n\n<p>Servi\u00e7o da Nota Fiscal Avulsa (NFA-e) \u2013 A Sefaz-PB desenvolveu e implementou o servi\u00e7o de emiss\u00e3o da Nota Fiscal Avulsa Eletr\u00f4nica (NFA-e),via internet, para atender os pequenos produtores rurais que n\u00e3o t\u00eam Inscri\u00e7\u00e3o Estadual ou CNPJ. Por meio de um login e de uma senha, sob a orienta\u00e7\u00e3o de servidores e de t\u00e9cnicos da Empaer-PB, o produtor rural acessa a \u00e1rea restrita da p\u00e1gina da Fazenda Estadual www.receita.pb.gov.br para emitir a nota avulsa.<\/p>\n\n\n\n<p>Para acessar a \u00e1rea restrita do Portal, o produtor precisa clicar no banner Sefaz-PB Virtual, na p\u00e1gina principal. Em seguida, d\u00e1 mais um clique em Servi\u00e7os para o Cidad\u00e3o: na abertura da aba procura na op\u00e7\u00e3o \u2018documentos fiscais\u2019, entre esses est\u00e1 o servi\u00e7o da emiss\u00e3o da Nota Fiscal Avulsa. J\u00e1 os produtores que ainda n\u00e3o t\u00eam login e senha, precisam fazer o credenciamento nos escrit\u00f3rios da Empaer para ter acesso ao servi\u00e7o restrito.<\/p>\n","protected":false},"excerpt":{"rendered":"<p>Os pequenos produtores rurais da Para\u00edba, que participam do Programa Nacional de Alimenta\u00e7\u00e3o Escolar (Pnae) e do Programa de Aquisi\u00e7\u00e3o de Alimentos (PAA), ter\u00e3o mais&hellip; <\/p>\n","protected":false},"author":1,"featured_media":100441,"comment_status":"closed","ping_status":"closed","sticky":false,"template":"","format":"standard","meta":{"sfsi_plus_gutenberg_text_before_share":"","sfsi_plus_gutenberg_show_text_before_share":"","sfsi_plus_gutenberg_icon_type":"","sfsi_plus_gutenberg_icon_alignemt":"","sfsi_plus_gutenburg_max_per_row":"","footnotes":""},"categories":[2],"tags":[],"class_list":["post-100439","post","type-post","status-publish","format-standard","has-post-thumbnail","hentry","category-geral"],"_links":{"self":[{"href":"https:\/\/www.caririemacao.com\/1\/wp-json\/wp\/v2\/posts\/100439","targetHints":{"allow":["GET"]}}],"collection":[{"href":"https:\/\/www.caririemacao.com\/1\/wp-json\/wp\/v2\/posts"}],"about":[{"href":"https:\/\/www.caririemacao.com\/1\/wp-json\/wp\/v2\/types\/post"}],"author":[{"embeddable":true,"href":"https:\/\/www.caririemacao.com\/1\/wp-json\/wp\/v2\/users\/1"}],"replies":[{"embeddable":true,"href":"https:\/\/www.caririemacao.com\/1\/wp-json\/wp\/v2\/comments?post=100439"}],"version-history":[{"count":1,"href":"https:\/\/www.caririemacao.com\/1\/wp-json\/wp\/v2\/posts\/100439\/revisions"}],"predecessor-version":[{"id":100442,"href":"https:\/\/www.caririemacao.com\/1\/wp-json\/wp\/v2\/posts\/100439\/revisions\/100442"}],"wp:featuredmedia":[{"embeddable":true,"href":"https:\/\/www.caririemacao.com\/1\/wp-json\/wp\/v2\/media\/100441"}],"wp:attachment":[{"href":"https:\/\/www.caririemacao.com\/1\/wp-json\/wp\/v2\/media?parent=100439"}],"wp:term":[{"taxonomy":"category","embeddable":true,"href":"https:\/\/www.caririemacao.com\/1\/wp-json\/wp\/v2\/categories?post=100439"},{"taxonomy":"post_tag","embeddable":true,"href":"https:\/\/www.caririemacao.com\/1\/wp-json\/wp\/v2\/tags?post=100439"}],"curies":[{"name":"wp","href":"https:\/\/api.w.org\/{rel}","templated":true}]}}