{"id":100450,"date":"2019-06-16T16:00:38","date_gmt":"2019-06-16T19:00:38","guid":{"rendered":"http:\/\/www.caririemacao.com\/1\/?p=100450"},"modified":"2019-06-16T16:00:38","modified_gmt":"2019-06-16T19:00:38","slug":"pf-apreende-quase-duas-toneladas-de-maconha-do-tipo-skunk-no-litoral-da-pb","status":"publish","type":"post","link":"https:\/\/www.caririemacao.com\/1\/2019\/06\/16\/pf-apreende-quase-duas-toneladas-de-maconha-do-tipo-skunk-no-litoral-da-pb\/","title":{"rendered":"PF apreende quase duas toneladas de maconha do tipo skunk no Litoral da PB"},"content":{"rendered":"\n<p>A Pol\u00edcia Federal apreendeu, ontem, uma tonelada e meia de maconha prensada do tipo skunk em Jo\u00e3o Pessoa e Cabedelo. Esta \u00e9 uma varia\u00e7\u00e3o da droga que cont\u00e9m alta concentra\u00e7\u00e3o de subst\u00e2ncias psicoativas.<\/p>\n\n\n\n<p>Na ocasi\u00e3o, duas pessoas foram presas em flagrante durante a opera\u00e7\u00e3o.<\/p>\n\n\n\n<p>A droga e os acusados foram levados para a sede da PF em Cabedelo. Eles devem responder pelo crime de tr\u00e1fico internacional de drogas, com pena que pode chegar at\u00e9 a 15 anos de reclus\u00e3o.<\/p>\n\n\n\n<p>Esta foi a maior apreens\u00e3o deste tipo de entorpecente feita pela PF do estado.<\/p>\n","protected":false},"excerpt":{"rendered":"<p>A Pol\u00edcia Federal apreendeu, ontem, uma tonelada e meia de maconha prensada do tipo skunk em Jo\u00e3o Pessoa e Cabedelo. Esta \u00e9 uma varia\u00e7\u00e3o da&hellip; <\/p>\n","protected":false},"author":1,"featured_media":100451,"comment_status":"closed","ping_status":"closed","sticky":false,"template":"","format":"standard","meta":{"sfsi_plus_gutenberg_text_before_share":"","sfsi_plus_gutenberg_show_text_before_share":"","sfsi_plus_gutenberg_icon_type":"","sfsi_plus_gutenberg_icon_alignemt":"","sfsi_plus_gutenburg_max_per_row":"","footnotes":""},"categories":[12],"tags":[],"class_list":["post-100450","post","type-post","status-publish","format-standard","has-post-thumbnail","hentry","category-policia"],"_links":{"self":[{"href":"https:\/\/www.caririemacao.com\/1\/wp-json\/wp\/v2\/posts\/100450","targetHints":{"allow":["GET"]}}],"collection":[{"href":"https:\/\/www.caririemacao.com\/1\/wp-json\/wp\/v2\/posts"}],"about":[{"href":"https:\/\/www.caririemacao.com\/1\/wp-json\/wp\/v2\/types\/post"}],"author":[{"embeddable":true,"href":"https:\/\/www.caririemacao.com\/1\/wp-json\/wp\/v2\/users\/1"}],"replies":[{"embeddable":true,"href":"https:\/\/www.caririemacao.com\/1\/wp-json\/wp\/v2\/comments?post=100450"}],"version-history":[{"count":1,"href":"https:\/\/www.caririemacao.com\/1\/wp-json\/wp\/v2\/posts\/100450\/revisions"}],"predecessor-version":[{"id":100452,"href":"https:\/\/www.caririemacao.com\/1\/wp-json\/wp\/v2\/posts\/100450\/revisions\/100452"}],"wp:featuredmedia":[{"embeddable":true,"href":"https:\/\/www.caririemacao.com\/1\/wp-json\/wp\/v2\/media\/100451"}],"wp:attachment":[{"href":"https:\/\/www.caririemacao.com\/1\/wp-json\/wp\/v2\/media?parent=100450"}],"wp:term":[{"taxonomy":"category","embeddable":true,"href":"https:\/\/www.caririemacao.com\/1\/wp-json\/wp\/v2\/categories?post=100450"},{"taxonomy":"post_tag","embeddable":true,"href":"https:\/\/www.caririemacao.com\/1\/wp-json\/wp\/v2\/tags?post=100450"}],"curies":[{"name":"wp","href":"https:\/\/api.w.org\/{rel}","templated":true}]}}