{"id":100529,"date":"2019-06-17T09:37:41","date_gmt":"2019-06-17T12:37:41","guid":{"rendered":"http:\/\/www.caririemacao.com\/1\/?p=100529"},"modified":"2019-06-17T09:37:41","modified_gmt":"2019-06-17T12:37:41","slug":"prefeitura-de-zabele-realiza-festejos-juninos","status":"publish","type":"post","link":"https:\/\/www.caririemacao.com\/1\/2019\/06\/17\/prefeitura-de-zabele-realiza-festejos-juninos\/","title":{"rendered":"Prefeitura de Zabel\u00ea realiza festejos juninos"},"content":{"rendered":"\n<p> A comemora\u00e7\u00e3o dos festejos juninos no munic\u00edpio de Zabel\u00ea, no Cariri Ocidental teve in\u00edcio no \u00faltimo s\u00e1bado (15) com a &#8220;Quadrilha da Terrinha&#8221; na Vila Popular, organizada pelo casal Juci e Juliano Joaquim e contou com apoio da Prefeitura Municipal de Zabel\u00ea, por meio da secretaria de Cultura e Turismo.<\/p>\n\n\n\n<p>Os zabeleenses e todos aqueles que se encontram no munic\u00edpio e regi\u00e3o v\u00e3o poder contar durante todo o per\u00edodo em que se comemora os festejos juninos com apresenta\u00e7\u00e3o de quadrilhas e atra\u00e7\u00f5es diversas.<\/p>\n\n\n\n<p>No dia 22\/06, a anima\u00e7\u00e3o vai ficar por conta da quadrilha\u00a0\u00a0Arrai\u00e1 da Suely.<br>Em 24\/06, \u00e9 a vez do Baile de S\u00e3o Jo\u00e3o no Bar do Escondidinho. J\u00e1 no dia 29, quem vai se apresentar \u00e9 a quadrilha Arrai\u00e1 da Maria Cristina. <\/p>\n\n\n\n<p>No dia 30, a divers\u00e3o \u00e9 com o Tradicional S\u00e3o Pedro da Vila. Recordando os festejos juninos, no dia\u00a0\u00a006\/07, a comemora\u00e7\u00e3o \u00e9 com a Quadrilha dos Coleguinhas. <\/p>\n\n\n\n<p>O encerramento \u00e9 no dia 15\/ 07 com a realiza\u00e7\u00e3o do concurso de Marcador de Quadrilha.<\/p>\n\n\n\n<p>O prefeito Dalyson Neves (PSDB), a secret\u00e1ria de Cultura e Turismo, Fabiana Monteiro e toda a gest\u00e3o n\u00e3o est\u00e3o medindo esfor\u00e7os para fazer da cidade de Zabel\u00ea um &#8220;Arrai\u00e1&#8221; de emo\u00e7\u00f5es e mantendo vivas as tradi\u00e7\u00f5es do per\u00edodo.<br><\/p>\n","protected":false},"excerpt":{"rendered":"<p>A comemora\u00e7\u00e3o dos festejos juninos no munic\u00edpio de Zabel\u00ea, no Cariri Ocidental teve in\u00edcio no \u00faltimo s\u00e1bado (15) com a &#8220;Quadrilha da Terrinha&#8221; na Vila&hellip; <\/p>\n","protected":false},"author":2,"featured_media":100496,"comment_status":"closed","ping_status":"closed","sticky":false,"template":"","format":"standard","meta":{"sfsi_plus_gutenberg_text_before_share":"","sfsi_plus_gutenberg_show_text_before_share":"","sfsi_plus_gutenberg_icon_type":"","sfsi_plus_gutenberg_icon_alignemt":"","sfsi_plus_gutenburg_max_per_row":"","footnotes":""},"categories":[6,50],"tags":[],"class_list":["post-100529","post","type-post","status-publish","format-standard","has-post-thumbnail","hentry","category-cidades","category-destaque"],"_links":{"self":[{"href":"https:\/\/www.caririemacao.com\/1\/wp-json\/wp\/v2\/posts\/100529","targetHints":{"allow":["GET"]}}],"collection":[{"href":"https:\/\/www.caririemacao.com\/1\/wp-json\/wp\/v2\/posts"}],"about":[{"href":"https:\/\/www.caririemacao.com\/1\/wp-json\/wp\/v2\/types\/post"}],"author":[{"embeddable":true,"href":"https:\/\/www.caririemacao.com\/1\/wp-json\/wp\/v2\/users\/2"}],"replies":[{"embeddable":true,"href":"https:\/\/www.caririemacao.com\/1\/wp-json\/wp\/v2\/comments?post=100529"}],"version-history":[{"count":1,"href":"https:\/\/www.caririemacao.com\/1\/wp-json\/wp\/v2\/posts\/100529\/revisions"}],"predecessor-version":[{"id":100530,"href":"https:\/\/www.caririemacao.com\/1\/wp-json\/wp\/v2\/posts\/100529\/revisions\/100530"}],"wp:featuredmedia":[{"embeddable":true,"href":"https:\/\/www.caririemacao.com\/1\/wp-json\/wp\/v2\/media\/100496"}],"wp:attachment":[{"href":"https:\/\/www.caririemacao.com\/1\/wp-json\/wp\/v2\/media?parent=100529"}],"wp:term":[{"taxonomy":"category","embeddable":true,"href":"https:\/\/www.caririemacao.com\/1\/wp-json\/wp\/v2\/categories?post=100529"},{"taxonomy":"post_tag","embeddable":true,"href":"https:\/\/www.caririemacao.com\/1\/wp-json\/wp\/v2\/tags?post=100529"}],"curies":[{"name":"wp","href":"https:\/\/api.w.org\/{rel}","templated":true}]}}