{"id":100531,"date":"2019-06-17T09:41:24","date_gmt":"2019-06-17T12:41:24","guid":{"rendered":"http:\/\/www.caririemacao.com\/1\/?p=100531"},"modified":"2019-06-17T09:41:24","modified_gmt":"2019-06-17T12:41:24","slug":"briga-entre-homossexuais-termina-com-um-ferido-a-facadas-em-cidade-do-cariri","status":"publish","type":"post","link":"https:\/\/www.caririemacao.com\/1\/2019\/06\/17\/briga-entre-homossexuais-termina-com-um-ferido-a-facadas-em-cidade-do-cariri\/","title":{"rendered":"Briga entre homossexuais termina com um ferido a facadas em cidade do Cariri"},"content":{"rendered":"\n<p>Um homem conhecido por \u201cJohnny\u201d foi esfaqueado durante uma discuss\u00e3o na cidade de Tapero\u00e1, cariri paraibano, no \u00faltimo s\u00e1bado, dia 15 de junho.<\/p>\n\n\n\n<p>Segundo informa\u00e7\u00f5es a discuss\u00e3o foi motivada por ci\u00fames onde um jovem conhecido por Marquinhos \u201cUreinha\u201d, desferiu alguns golpes de faca peixeira, atingindo perna e coxa.<\/p>\n\n\n\n<p>A v\u00edtima foi socorrida at\u00e9 o Hospital Regional de Tapero\u00e1, onde recebeu atendimento m\u00e9dico.<\/p>\n","protected":false},"excerpt":{"rendered":"<p>Um homem conhecido por \u201cJohnny\u201d foi esfaqueado durante uma discuss\u00e3o na cidade de Tapero\u00e1, cariri paraibano, no \u00faltimo s\u00e1bado, dia 15 de junho. Segundo informa\u00e7\u00f5es&hellip; <\/p>\n","protected":false},"author":2,"featured_media":100532,"comment_status":"closed","ping_status":"closed","sticky":false,"template":"","format":"standard","meta":{"sfsi_plus_gutenberg_text_before_share":"","sfsi_plus_gutenberg_show_text_before_share":"","sfsi_plus_gutenberg_icon_type":"","sfsi_plus_gutenberg_icon_alignemt":"","sfsi_plus_gutenburg_max_per_row":"","footnotes":""},"categories":[50,12],"tags":[],"class_list":["post-100531","post","type-post","status-publish","format-standard","has-post-thumbnail","hentry","category-destaque","category-policia"],"_links":{"self":[{"href":"https:\/\/www.caririemacao.com\/1\/wp-json\/wp\/v2\/posts\/100531","targetHints":{"allow":["GET"]}}],"collection":[{"href":"https:\/\/www.caririemacao.com\/1\/wp-json\/wp\/v2\/posts"}],"about":[{"href":"https:\/\/www.caririemacao.com\/1\/wp-json\/wp\/v2\/types\/post"}],"author":[{"embeddable":true,"href":"https:\/\/www.caririemacao.com\/1\/wp-json\/wp\/v2\/users\/2"}],"replies":[{"embeddable":true,"href":"https:\/\/www.caririemacao.com\/1\/wp-json\/wp\/v2\/comments?post=100531"}],"version-history":[{"count":1,"href":"https:\/\/www.caririemacao.com\/1\/wp-json\/wp\/v2\/posts\/100531\/revisions"}],"predecessor-version":[{"id":100533,"href":"https:\/\/www.caririemacao.com\/1\/wp-json\/wp\/v2\/posts\/100531\/revisions\/100533"}],"wp:featuredmedia":[{"embeddable":true,"href":"https:\/\/www.caririemacao.com\/1\/wp-json\/wp\/v2\/media\/100532"}],"wp:attachment":[{"href":"https:\/\/www.caririemacao.com\/1\/wp-json\/wp\/v2\/media?parent=100531"}],"wp:term":[{"taxonomy":"category","embeddable":true,"href":"https:\/\/www.caririemacao.com\/1\/wp-json\/wp\/v2\/categories?post=100531"},{"taxonomy":"post_tag","embeddable":true,"href":"https:\/\/www.caririemacao.com\/1\/wp-json\/wp\/v2\/tags?post=100531"}],"curies":[{"name":"wp","href":"https:\/\/api.w.org\/{rel}","templated":true}]}}