{"id":100534,"date":"2019-06-17T09:59:49","date_gmt":"2019-06-17T12:59:49","guid":{"rendered":"http:\/\/www.caririemacao.com\/1\/?p=100534"},"modified":"2019-06-17T09:59:49","modified_gmt":"2019-06-17T12:59:49","slug":"in-memorian-veja-a-ultima-coluna-do-jornalista-simorion-matos","status":"publish","type":"post","link":"https:\/\/www.caririemacao.com\/1\/2019\/06\/17\/in-memorian-veja-a-ultima-coluna-do-jornalista-simorion-matos\/","title":{"rendered":"IN MEMORIAN: Veja a \u00faltima coluna do jornalista Simorion Matos"},"content":{"rendered":"\n<p><strong>VISITAS ILUSTRES<\/strong><\/p>\n\n\n\n<p>Esta semana recebemos em Monteiro a visita ilustre do m\u00e9dico Dr. Eug\u00eanio Henrique e do vereador Bi\u00e3o (PMDB). Colocamos os papos pol\u00edticos em dia, principalmente no que e refere aos preparativos para a campanha do pr\u00f3ximo ano. Ambos consideram que os rumos pra campanha est\u00e3o seguindo muito bem e a prefeita Lorena tem conquistado apoios consider\u00e1veis.<\/p>\n\n\n\n<p><strong>APOIO ESTRUTURAL<\/strong><\/p>\n\n\n\n<p>J\u00e1 que falamos no vereador Bi\u00e3o, vale a pena registrar que o mesmo est\u00e1 dando apoio valioso na montagem da estrutura para o S\u00e3o Jo\u00e3o de Monteiro.Na \u00e9poca do prefeito Carlos Batinga e a da prefeita Doutora Lourdinha, Bi\u00e3o foi um dos grandes respons\u00e1veis pela organiza\u00e7\u00e3o estrutural. Tem bagagem de sobra.<\/p>\n\n\n\n<p><strong>CIDADE QUASE PONTA<\/strong><\/p>\n\n\n\n<p>Est\u00e1 em fase final a montagem da estrutura que ser\u00e1 disponibilizada para os habitantes e para o turistas, durante os festejos juninos de Monteiro, que come\u00e7am na sexta-feira, 21 e prosseguem at\u00e9 o dia 25.<br>Com retorno financeiro garantido, o evento movimenta a cidade e a regi\u00e3o, lotando hot\u00e9is e pousadas, triplicando a movimenta\u00e7\u00e3o do com\u00e9rcio e \u00e1rea e de servi\u00e7os<\/p>\n\n\n\n<p><strong>APOIO EXPRESSIVO<\/strong><\/p>\n\n\n\n<p>Bastante expressivo o apoio do ex-vereador Heleno de Amadeu e sua fam\u00edlia \u00e0 prefeita de Monteiro, Anna Lorena. Enquanto outras lideran\u00e7as perdem apoios a cada dia, a prefeita vem somando a cada semana.<\/p>\n\n\n\n<p><strong>S\u00c3O FRANCISCO<\/strong><\/p>\n\n\n\n<p>O S\u00edtio S\u00e3o Francisco dever\u00e1 ser mais uma vez o ponto de encontro dos monteirenses que vive em outras cidades.O ambiente est\u00e1 sendo preparado com muito carinho pra quem gosta de curtir saudade da Monteiro dos anos 50 e 60<\/p>\n\n\n\n<p><strong>MAIS UMA SA\u00cdDA<\/strong><\/p>\n\n\n\n<p>O presidente do Banco Nacional de Desenvolvimento Econ\u00f4mico e Social (BNDES), Joaquim Levy, pediu demiss\u00e3o do cargo na manh\u00e3 deste domingo (16\/6), ap\u00f3s o presidente Jair Bolsonaro afirmar, no s\u00e1bado, que a cabe\u00e7a do economista estava \u201ca pr\u00eamio\u201d. O motivo seria a nomea\u00e7\u00e3o do executivo Marcos Barbosa Pinto, que j\u00e1 trabalhou em gest\u00f5es petistas, para uma dire\u00e7\u00e3o do banco, o que desagradou o Pal\u00e1cio do Planalto.<\/p>\n\n\n\n<p><em>Contatos coluna: simorionmatos@gmail.com<\/em><\/p>\n","protected":false},"excerpt":{"rendered":"<p>VISITAS ILUSTRES Esta semana recebemos em Monteiro a visita ilustre do m\u00e9dico Dr. Eug\u00eanio Henrique e do vereador Bi\u00e3o (PMDB). Colocamos os papos pol\u00edticos em&hellip; <\/p>\n","protected":false},"author":2,"featured_media":100536,"comment_status":"closed","ping_status":"closed","sticky":false,"template":"","format":"standard","meta":{"sfsi_plus_gutenberg_text_before_share":"","sfsi_plus_gutenberg_show_text_before_share":"","sfsi_plus_gutenberg_icon_type":"","sfsi_plus_gutenberg_icon_alignemt":"","sfsi_plus_gutenburg_max_per_row":"","footnotes":""},"categories":[50,2],"tags":[],"class_list":["post-100534","post","type-post","status-publish","format-standard","has-post-thumbnail","hentry","category-destaque","category-geral"],"_links":{"self":[{"href":"https:\/\/www.caririemacao.com\/1\/wp-json\/wp\/v2\/posts\/100534","targetHints":{"allow":["GET"]}}],"collection":[{"href":"https:\/\/www.caririemacao.com\/1\/wp-json\/wp\/v2\/posts"}],"about":[{"href":"https:\/\/www.caririemacao.com\/1\/wp-json\/wp\/v2\/types\/post"}],"author":[{"embeddable":true,"href":"https:\/\/www.caririemacao.com\/1\/wp-json\/wp\/v2\/users\/2"}],"replies":[{"embeddable":true,"href":"https:\/\/www.caririemacao.com\/1\/wp-json\/wp\/v2\/comments?post=100534"}],"version-history":[{"count":1,"href":"https:\/\/www.caririemacao.com\/1\/wp-json\/wp\/v2\/posts\/100534\/revisions"}],"predecessor-version":[{"id":100537,"href":"https:\/\/www.caririemacao.com\/1\/wp-json\/wp\/v2\/posts\/100534\/revisions\/100537"}],"wp:featuredmedia":[{"embeddable":true,"href":"https:\/\/www.caririemacao.com\/1\/wp-json\/wp\/v2\/media\/100536"}],"wp:attachment":[{"href":"https:\/\/www.caririemacao.com\/1\/wp-json\/wp\/v2\/media?parent=100534"}],"wp:term":[{"taxonomy":"category","embeddable":true,"href":"https:\/\/www.caririemacao.com\/1\/wp-json\/wp\/v2\/categories?post=100534"},{"taxonomy":"post_tag","embeddable":true,"href":"https:\/\/www.caririemacao.com\/1\/wp-json\/wp\/v2\/tags?post=100534"}],"curies":[{"name":"wp","href":"https:\/\/api.w.org\/{rel}","templated":true}]}}