{"id":100538,"date":"2019-06-17T11:33:36","date_gmt":"2019-06-17T14:33:36","guid":{"rendered":"http:\/\/www.caririemacao.com\/1\/?p=100538"},"modified":"2019-06-17T11:33:36","modified_gmt":"2019-06-17T14:33:36","slug":"prefeita-anna-lorena-lamenta-morte-de-ex-vereador-e-decreta-luto-oficial-de-tres-dias","status":"publish","type":"post","link":"https:\/\/www.caririemacao.com\/1\/2019\/06\/17\/prefeita-anna-lorena-lamenta-morte-de-ex-vereador-e-decreta-luto-oficial-de-tres-dias\/","title":{"rendered":"Prefeita Anna Lorena lamenta morte de ex-vereador e decreta luto oficial de tr\u00eas dias"},"content":{"rendered":"\n<p>A prefeita do munic\u00edpio de Monteiro, Anna Lorena, emitiu nota de pesar na manh\u00e3 desta segunda-feira (17), em virtude do falecimento do ex-vereador e jornalista Simorion Matos, ocorrido na madrugada desta segunda-feira, na UPA de Monteiro. A gestora ainda decretou luto oficial de tr\u00eas dias no munic\u00edpio<\/p>\n\n\n\n<p>Confira a nota da gestora na \u00edntegra:<\/p>\n\n\n\n<p><em>Foi com muita tristeza que recebemos a not\u00edcia do falecimento do ex-vereador e jornalista Simorion Matos.<\/em><\/p>\n\n\n\n<p><em>Com reconhecido trabalho e diversos servi\u00e7os prestados ao munic\u00edpio, Simorion deixa um legado de honradez e exemplo aos seus conterr\u00e2neos.<\/em><\/p>\n\n\n\n<p><em>Externo meu profundo pesar a todos os familiares e amigos!<\/em><\/p>\n\n\n\n<p><em>Anna Lorena Leite de Farias N\u00f3brega<\/em><\/p>\n\n\n\n<p>Prefeita<\/p>\n\n\n\n<p>fonte: hora1pb<\/p>\n","protected":false},"excerpt":{"rendered":"<p>A prefeita do munic\u00edpio de Monteiro, Anna Lorena, emitiu nota de pesar na manh\u00e3 desta segunda-feira (17), em virtude do falecimento do ex-vereador e jornalista&hellip; <\/p>\n","protected":false},"author":2,"featured_media":100539,"comment_status":"closed","ping_status":"closed","sticky":false,"template":"","format":"standard","meta":{"sfsi_plus_gutenberg_text_before_share":"","sfsi_plus_gutenberg_show_text_before_share":"","sfsi_plus_gutenberg_icon_type":"","sfsi_plus_gutenberg_icon_alignemt":"","sfsi_plus_gutenburg_max_per_row":"","footnotes":""},"categories":[2],"tags":[],"class_list":["post-100538","post","type-post","status-publish","format-standard","has-post-thumbnail","hentry","category-geral"],"_links":{"self":[{"href":"https:\/\/www.caririemacao.com\/1\/wp-json\/wp\/v2\/posts\/100538","targetHints":{"allow":["GET"]}}],"collection":[{"href":"https:\/\/www.caririemacao.com\/1\/wp-json\/wp\/v2\/posts"}],"about":[{"href":"https:\/\/www.caririemacao.com\/1\/wp-json\/wp\/v2\/types\/post"}],"author":[{"embeddable":true,"href":"https:\/\/www.caririemacao.com\/1\/wp-json\/wp\/v2\/users\/2"}],"replies":[{"embeddable":true,"href":"https:\/\/www.caririemacao.com\/1\/wp-json\/wp\/v2\/comments?post=100538"}],"version-history":[{"count":1,"href":"https:\/\/www.caririemacao.com\/1\/wp-json\/wp\/v2\/posts\/100538\/revisions"}],"predecessor-version":[{"id":100540,"href":"https:\/\/www.caririemacao.com\/1\/wp-json\/wp\/v2\/posts\/100538\/revisions\/100540"}],"wp:featuredmedia":[{"embeddable":true,"href":"https:\/\/www.caririemacao.com\/1\/wp-json\/wp\/v2\/media\/100539"}],"wp:attachment":[{"href":"https:\/\/www.caririemacao.com\/1\/wp-json\/wp\/v2\/media?parent=100538"}],"wp:term":[{"taxonomy":"category","embeddable":true,"href":"https:\/\/www.caririemacao.com\/1\/wp-json\/wp\/v2\/categories?post=100538"},{"taxonomy":"post_tag","embeddable":true,"href":"https:\/\/www.caririemacao.com\/1\/wp-json\/wp\/v2\/tags?post=100538"}],"curies":[{"name":"wp","href":"https:\/\/api.w.org\/{rel}","templated":true}]}}