{"id":100541,"date":"2019-06-17T11:59:03","date_gmt":"2019-06-17T14:59:03","guid":{"rendered":"http:\/\/www.caririemacao.com\/1\/?p=100541"},"modified":"2019-06-17T11:59:03","modified_gmt":"2019-06-17T14:59:03","slug":"apos-muita-animacao-no-final-de-semana-o-festival-de-quadrilhas-entra-na-reta-final-em-monteiro","status":"publish","type":"post","link":"https:\/\/www.caririemacao.com\/1\/2019\/06\/17\/apos-muita-animacao-no-final-de-semana-o-festival-de-quadrilhas-entra-na-reta-final-em-monteiro\/","title":{"rendered":"Ap\u00f3s muita anima\u00e7\u00e3o no final de semana, o Festival de Quadrilhas entra na reta final em Monteiro"},"content":{"rendered":"\n<p>Movimentando os diversos bairros da cidade, o Festival de Quadrilhas de Rua de Monteiro vem sendo um das op\u00e7\u00f5es de lazer neste clima de S\u00e3o Jo\u00e3o, e nem o frio e a chuva diminu\u00edram a quantidade de p\u00fablico presente nas festividades.<\/p>\n\n\n\n<p>Na sexta-feira, 14, o forr\u00f3 aconteceu na Vila Santa Maria, e a quadrilha bateu recorde de p\u00fablico. Na noite fria e animada, houveram apresenta\u00e7\u00f5es e homenagens a gestora da cidade, Anna Lorena, e ao ex-prefeito Doutor Chico (in-memorian).<\/p>\n\n\n\n<p>No s\u00e1bado, 15, foi a vez da Rua de Campina, que ficou tomada pela alegria da marcadora Nadilza com o agito do trio p\u00e9 de serra. A quadrilha mais uma vez foi sucesso de p\u00fablico, anima\u00e7\u00e3o e tranquilidade. No domingo, 16, a Rua dos Pereiros foi o palco de festen\u00e7a, que mais uma vez reuniu um grande p\u00fablico.&nbsp;<\/p>\n\n\n\n<p>Iniciando a semana que encerra o Festival de Quadrilhas, e inicia a programa\u00e7\u00e3o na Pra\u00e7a de Eventos Zab\u00e9 da Loca e no S\u00edtio S\u00e3o Francisco, na segunda-feira (17), haver\u00e1 a tradicional &#8216;Quadrilhas dos Trocados&#8217;, nas imedia\u00e7\u00f5es do Mercado P\u00fablico, e na quarta-feira, 19, a anima\u00e7\u00e3o fica por conta da quadrilha da Baga\u00e7a, que percorrer\u00e1 as ruas da cidade, com concentra\u00e7\u00e3o no Alto S\u00e3o Vicente.&nbsp;<\/p>\n\n\n\n<p>A prefeita Anna Lorena elogiou a organiza\u00e7\u00e3o das quadrilhas e disse que n\u00e3o tem d\u00favidas que a edi\u00e7\u00e3o 2019 do S\u00e3o Jo\u00e3o de Monteiro &#8211; Uma Festa Cada Vez Melhor, entrar\u00e1 na hist\u00f3ria do munic\u00edpio, entrando no calend\u00e1rio cultural nacional, como uma das maiores festas juninas do Pa\u00eds.<\/p>\n","protected":false},"excerpt":{"rendered":"<p>Movimentando os diversos bairros da cidade, o Festival de Quadrilhas de Rua de Monteiro vem sendo um das op\u00e7\u00f5es de lazer neste clima de S\u00e3o&hellip; <\/p>\n","protected":false},"author":1,"featured_media":100542,"comment_status":"closed","ping_status":"closed","sticky":false,"template":"","format":"standard","meta":{"sfsi_plus_gutenberg_text_before_share":"","sfsi_plus_gutenberg_show_text_before_share":"","sfsi_plus_gutenberg_icon_type":"","sfsi_plus_gutenberg_icon_alignemt":"","sfsi_plus_gutenburg_max_per_row":"","footnotes":""},"categories":[50,2],"tags":[],"class_list":["post-100541","post","type-post","status-publish","format-standard","has-post-thumbnail","hentry","category-destaque","category-geral"],"_links":{"self":[{"href":"https:\/\/www.caririemacao.com\/1\/wp-json\/wp\/v2\/posts\/100541","targetHints":{"allow":["GET"]}}],"collection":[{"href":"https:\/\/www.caririemacao.com\/1\/wp-json\/wp\/v2\/posts"}],"about":[{"href":"https:\/\/www.caririemacao.com\/1\/wp-json\/wp\/v2\/types\/post"}],"author":[{"embeddable":true,"href":"https:\/\/www.caririemacao.com\/1\/wp-json\/wp\/v2\/users\/1"}],"replies":[{"embeddable":true,"href":"https:\/\/www.caririemacao.com\/1\/wp-json\/wp\/v2\/comments?post=100541"}],"version-history":[{"count":1,"href":"https:\/\/www.caririemacao.com\/1\/wp-json\/wp\/v2\/posts\/100541\/revisions"}],"predecessor-version":[{"id":100543,"href":"https:\/\/www.caririemacao.com\/1\/wp-json\/wp\/v2\/posts\/100541\/revisions\/100543"}],"wp:featuredmedia":[{"embeddable":true,"href":"https:\/\/www.caririemacao.com\/1\/wp-json\/wp\/v2\/media\/100542"}],"wp:attachment":[{"href":"https:\/\/www.caririemacao.com\/1\/wp-json\/wp\/v2\/media?parent=100541"}],"wp:term":[{"taxonomy":"category","embeddable":true,"href":"https:\/\/www.caririemacao.com\/1\/wp-json\/wp\/v2\/categories?post=100541"},{"taxonomy":"post_tag","embeddable":true,"href":"https:\/\/www.caririemacao.com\/1\/wp-json\/wp\/v2\/tags?post=100541"}],"curies":[{"name":"wp","href":"https:\/\/api.w.org\/{rel}","templated":true}]}}