{"id":100546,"date":"2019-06-17T12:00:41","date_gmt":"2019-06-17T15:00:41","guid":{"rendered":"http:\/\/www.caririemacao.com\/1\/?p=100546"},"modified":"2019-06-17T12:00:41","modified_gmt":"2019-06-17T15:00:41","slug":"prefeitura-de-sume-abre-novo-processo-seletivo-para-professor","status":"publish","type":"post","link":"https:\/\/www.caririemacao.com\/1\/2019\/06\/17\/prefeitura-de-sume-abre-novo-processo-seletivo-para-professor\/","title":{"rendered":"Prefeitura de Sum\u00e9 abre novo Processo Seletivo para professor"},"content":{"rendered":"\n<p>A Comiss\u00e3o de Fiscaliza\u00e7\u00e3o e Acompanhamento do Processo Seletivo P\u00fablico da Prefeitura de Sum\u00e9 disponibiliza edital de abertura de Processo Seletivo referente \u00e0 sele\u00e7\u00e3o de cinco vagas (e cadastro de reserva) para Professores de disciplinas diversificadas com o objetivo de preencher vaga remanescente do Processo Seletivo n\u00b0 05\/2019. Os profissionais selecionados atuar\u00e3o nas Escolas de Tempo Integral de Ensino Fundamental I e II.<\/p>\n\n\n\n<p>As vagas s\u00e3o destinadas a professores de Dan\u00e7a (01), Educa\u00e7\u00e3o F\u00edsica (01), Ingl\u00eas (01) e M\u00fasica (02). A carga hor\u00e1ria a ser cumprida \u00e9 de 40 horas semanais e a remunera\u00e7\u00e3o ofertada \u00e9 de R$ 1.400,00.<\/p>\n\n\n\n<p>O Processo Seletivo ser\u00e1 constitu\u00eddo de etapa \u00fanica (car\u00e1ter eliminat\u00f3rio e classificat\u00f3rio), atrav\u00e9s de an\u00e1lise curricular.<\/p>\n\n\n\n<p>As inscri\u00e7\u00f5es acontecem de 25\/06 a 28\/06, das 08h \u00e0s 14h, na Secretaria da Educa\u00e7\u00e3o, localizada na Avenida 1\u00ba de Abril, 444, centro. A inscri\u00e7\u00e3o do candidato se far\u00e1 mediante entrega de curr\u00edculo acompanhado da documenta\u00e7\u00e3o comprobat\u00f3ria, que ser\u00e1 devidamente autenticada pela comiss\u00e3o ou representante da administra\u00e7\u00e3o.<\/p>\n\n\n\n<p>O Edital com todas as informa\u00e7\u00f5es encontra-se dispon\u00edvel no boletim oficial do munic\u00edpio de 17 de junho de 2019 e no site da Prefeitura, no endere\u00e7o eletr\u00f4nico:<a href=\"http:\/\/www.sume.pb.gov.br\/transparencia\/concurso.htm\" target=\"_blank\" rel=\"noreferrer noopener\">www.sume.pb.gov.br\/transparencia\/concurso.htm<\/a><\/p>\n\n\n\n<p>&nbsp;Ascom<\/p>\n","protected":false},"excerpt":{"rendered":"<p>A Comiss\u00e3o de Fiscaliza\u00e7\u00e3o e Acompanhamento do Processo Seletivo P\u00fablico da Prefeitura de Sum\u00e9 disponibiliza edital de abertura de Processo Seletivo referente \u00e0 sele\u00e7\u00e3o de&hellip; <\/p>\n","protected":false},"author":1,"featured_media":87003,"comment_status":"closed","ping_status":"closed","sticky":false,"template":"","format":"standard","meta":{"sfsi_plus_gutenberg_text_before_share":"","sfsi_plus_gutenberg_show_text_before_share":"","sfsi_plus_gutenberg_icon_type":"","sfsi_plus_gutenberg_icon_alignemt":"","sfsi_plus_gutenburg_max_per_row":"","footnotes":""},"categories":[50,14],"tags":[],"class_list":["post-100546","post","type-post","status-publish","format-standard","has-post-thumbnail","hentry","category-destaque","category-educacao"],"_links":{"self":[{"href":"https:\/\/www.caririemacao.com\/1\/wp-json\/wp\/v2\/posts\/100546","targetHints":{"allow":["GET"]}}],"collection":[{"href":"https:\/\/www.caririemacao.com\/1\/wp-json\/wp\/v2\/posts"}],"about":[{"href":"https:\/\/www.caririemacao.com\/1\/wp-json\/wp\/v2\/types\/post"}],"author":[{"embeddable":true,"href":"https:\/\/www.caririemacao.com\/1\/wp-json\/wp\/v2\/users\/1"}],"replies":[{"embeddable":true,"href":"https:\/\/www.caririemacao.com\/1\/wp-json\/wp\/v2\/comments?post=100546"}],"version-history":[{"count":1,"href":"https:\/\/www.caririemacao.com\/1\/wp-json\/wp\/v2\/posts\/100546\/revisions"}],"predecessor-version":[{"id":100547,"href":"https:\/\/www.caririemacao.com\/1\/wp-json\/wp\/v2\/posts\/100546\/revisions\/100547"}],"wp:featuredmedia":[{"embeddable":true,"href":"https:\/\/www.caririemacao.com\/1\/wp-json\/wp\/v2\/media\/87003"}],"wp:attachment":[{"href":"https:\/\/www.caririemacao.com\/1\/wp-json\/wp\/v2\/media?parent=100546"}],"wp:term":[{"taxonomy":"category","embeddable":true,"href":"https:\/\/www.caririemacao.com\/1\/wp-json\/wp\/v2\/categories?post=100546"},{"taxonomy":"post_tag","embeddable":true,"href":"https:\/\/www.caririemacao.com\/1\/wp-json\/wp\/v2\/tags?post=100546"}],"curies":[{"name":"wp","href":"https:\/\/api.w.org\/{rel}","templated":true}]}}