{"id":100550,"date":"2019-06-17T12:16:17","date_gmt":"2019-06-17T15:16:17","guid":{"rendered":"http:\/\/www.caririemacao.com\/1\/?p=100550"},"modified":"2019-06-17T12:16:17","modified_gmt":"2019-06-17T15:16:17","slug":"prefeitura-de-monteiro-oferece-tratamento-de-acupuntura-na-saude-municipal","status":"publish","type":"post","link":"https:\/\/www.caririemacao.com\/1\/2019\/06\/17\/prefeitura-de-monteiro-oferece-tratamento-de-acupuntura-na-saude-municipal\/","title":{"rendered":"Prefeitura de Monteiro oferece tratamento de acupuntura na Sa\u00fade Municipal"},"content":{"rendered":"\n<p>Visando proporcionar um novo m\u00e9todo de tratamento, a Secretaria Municipal de Sa\u00fade de Monteiro implantou o servi\u00e7o gratuito de acupuntura, um ramo da medicina tradicional chinesa, tido como um atendimento complementar.<\/p>\n\n\n\n<p>O tratamento acupunter\u00e1pico consiste no diagn\u00f3stico e na aplica\u00e7\u00e3o de agulhas em pontos definidos do corpo. A acupuntura \u00e9 indicada em casos de queixas de dores nas costas, joelho e bra\u00e7os, artrose, artrite, por exemplo; edema, problemas f\u00edsicos e respirat\u00f3rios como limita\u00e7\u00e3o de movimentos e outros sintomas desencadeados pelas patologias das especialidades atendidas.<\/p>\n\n\n\n<p>Os atendimentos acontecem no Posto de Sa\u00fade da Fam\u00edlia 09 no bairro do Alto do Cemit\u00e9rio. As sess\u00f5es acontecem toda ter\u00e7a-feira com o fisioterapeuta especializado Ivo Cazuza.<\/p>\n\n\n\n<p>Esse servi\u00e7o foi implantado na cidade de Monteiro integrando os investimentos na sa\u00fade b\u00e1sica municipal atrav\u00e9s dos esfor\u00e7os da prefeita Anna Lorena.<\/p>\n\n\n\n<p>\u201cCom grande empenho e satisfa\u00e7\u00e3o abra\u00e7amos o projeto que \u00e9 pioneiro no munic\u00edpio. Desde setembro de 2018 realizamos o trabalho e temos sentido que a popula\u00e7\u00e3o t\u00eam se dado muito bem com os tratamentos, isso \u00e9 muito satisfat\u00f3rio para n\u00f3s\u201d, conta Ivo Cazuza.<\/p>\n\n\n\n<p>Para realizar o tratamento a popula\u00e7\u00e3o deve se encaminhar ao seu PSF e conversar com o m\u00e9dico a respeito dos sintomas para que seja feita uma avalia\u00e7\u00e3o e em seguida a realiza\u00e7\u00e3o das sess\u00f5es.<\/p>\n","protected":false},"excerpt":{"rendered":"<p>Visando proporcionar um novo m\u00e9todo de tratamento, a Secretaria Municipal de Sa\u00fade de Monteiro implantou o servi\u00e7o gratuito de acupuntura, um ramo da medicina tradicional&hellip; <\/p>\n","protected":false},"author":1,"featured_media":100552,"comment_status":"closed","ping_status":"closed","sticky":false,"template":"","format":"standard","meta":{"sfsi_plus_gutenberg_text_before_share":"","sfsi_plus_gutenberg_show_text_before_share":"","sfsi_plus_gutenberg_icon_type":"","sfsi_plus_gutenberg_icon_alignemt":"","sfsi_plus_gutenburg_max_per_row":"","footnotes":""},"categories":[16],"tags":[],"class_list":["post-100550","post","type-post","status-publish","format-standard","has-post-thumbnail","hentry","category-saude"],"_links":{"self":[{"href":"https:\/\/www.caririemacao.com\/1\/wp-json\/wp\/v2\/posts\/100550","targetHints":{"allow":["GET"]}}],"collection":[{"href":"https:\/\/www.caririemacao.com\/1\/wp-json\/wp\/v2\/posts"}],"about":[{"href":"https:\/\/www.caririemacao.com\/1\/wp-json\/wp\/v2\/types\/post"}],"author":[{"embeddable":true,"href":"https:\/\/www.caririemacao.com\/1\/wp-json\/wp\/v2\/users\/1"}],"replies":[{"embeddable":true,"href":"https:\/\/www.caririemacao.com\/1\/wp-json\/wp\/v2\/comments?post=100550"}],"version-history":[{"count":1,"href":"https:\/\/www.caririemacao.com\/1\/wp-json\/wp\/v2\/posts\/100550\/revisions"}],"predecessor-version":[{"id":100553,"href":"https:\/\/www.caririemacao.com\/1\/wp-json\/wp\/v2\/posts\/100550\/revisions\/100553"}],"wp:featuredmedia":[{"embeddable":true,"href":"https:\/\/www.caririemacao.com\/1\/wp-json\/wp\/v2\/media\/100552"}],"wp:attachment":[{"href":"https:\/\/www.caririemacao.com\/1\/wp-json\/wp\/v2\/media?parent=100550"}],"wp:term":[{"taxonomy":"category","embeddable":true,"href":"https:\/\/www.caririemacao.com\/1\/wp-json\/wp\/v2\/categories?post=100550"},{"taxonomy":"post_tag","embeddable":true,"href":"https:\/\/www.caririemacao.com\/1\/wp-json\/wp\/v2\/tags?post=100550"}],"curies":[{"name":"wp","href":"https:\/\/api.w.org\/{rel}","templated":true}]}}