{"id":100556,"date":"2019-06-17T12:19:08","date_gmt":"2019-06-17T15:19:08","guid":{"rendered":"http:\/\/www.caririemacao.com\/1\/?p=100556"},"modified":"2019-06-17T12:19:08","modified_gmt":"2019-06-17T15:19:08","slug":"secretaria-de-comunicacao-informa-adiamento-de-eventos-em-virtude-do-luto-oficial","status":"publish","type":"post","link":"https:\/\/www.caririemacao.com\/1\/2019\/06\/17\/secretaria-de-comunicacao-informa-adiamento-de-eventos-em-virtude-do-luto-oficial\/","title":{"rendered":"Secretaria de comunica\u00e7\u00e3o informa adiamento de eventos em virtude do luto oficial"},"content":{"rendered":"\n<p>A Prefeitura de Monteiro por meio da Secretaria de Comunica\u00e7\u00e3o, vem por meio desta, expressar seu pesar em raz\u00e3o do falecimento do ex-verador Simorion Matos e informar que a Secretaria de Cultura e Turismo do Munic\u00edpio se solidariza com a fam\u00edlia em seu luto, e portanto, adia a \u201cQuadrilha dos Trocados\u201d que aconteceria na noite desta segunda-feira,17, ficando para esta ter\u00e7a-feira dia 18. Comunicamos ainda, que todas as demais atividades oficiais do municipio agendadas para este dia, tamb\u00e9m foram adiadas.<br>Em nome de toda a equipe, agradecemos a compreens\u00e3o!<\/p>\n\n\n\n<p>Secom \u2013 Secretaria Municipal de Comunica\u00e7\u00e3o de Monteiro<\/p>\n","protected":false},"excerpt":{"rendered":"<p>A Prefeitura de Monteiro por meio da Secretaria de Comunica\u00e7\u00e3o, vem por meio desta, expressar seu pesar em raz\u00e3o do falecimento do ex-verador Simorion Matos&hellip; <\/p>\n","protected":false},"author":1,"featured_media":100557,"comment_status":"closed","ping_status":"closed","sticky":false,"template":"","format":"standard","meta":{"sfsi_plus_gutenberg_text_before_share":"","sfsi_plus_gutenberg_show_text_before_share":"","sfsi_plus_gutenberg_icon_type":"","sfsi_plus_gutenberg_icon_alignemt":"","sfsi_plus_gutenburg_max_per_row":"","footnotes":""},"categories":[6],"tags":[],"class_list":["post-100556","post","type-post","status-publish","format-standard","has-post-thumbnail","hentry","category-cidades"],"_links":{"self":[{"href":"https:\/\/www.caririemacao.com\/1\/wp-json\/wp\/v2\/posts\/100556","targetHints":{"allow":["GET"]}}],"collection":[{"href":"https:\/\/www.caririemacao.com\/1\/wp-json\/wp\/v2\/posts"}],"about":[{"href":"https:\/\/www.caririemacao.com\/1\/wp-json\/wp\/v2\/types\/post"}],"author":[{"embeddable":true,"href":"https:\/\/www.caririemacao.com\/1\/wp-json\/wp\/v2\/users\/1"}],"replies":[{"embeddable":true,"href":"https:\/\/www.caririemacao.com\/1\/wp-json\/wp\/v2\/comments?post=100556"}],"version-history":[{"count":1,"href":"https:\/\/www.caririemacao.com\/1\/wp-json\/wp\/v2\/posts\/100556\/revisions"}],"predecessor-version":[{"id":100558,"href":"https:\/\/www.caririemacao.com\/1\/wp-json\/wp\/v2\/posts\/100556\/revisions\/100558"}],"wp:featuredmedia":[{"embeddable":true,"href":"https:\/\/www.caririemacao.com\/1\/wp-json\/wp\/v2\/media\/100557"}],"wp:attachment":[{"href":"https:\/\/www.caririemacao.com\/1\/wp-json\/wp\/v2\/media?parent=100556"}],"wp:term":[{"taxonomy":"category","embeddable":true,"href":"https:\/\/www.caririemacao.com\/1\/wp-json\/wp\/v2\/categories?post=100556"},{"taxonomy":"post_tag","embeddable":true,"href":"https:\/\/www.caririemacao.com\/1\/wp-json\/wp\/v2\/tags?post=100556"}],"curies":[{"name":"wp","href":"https:\/\/api.w.org\/{rel}","templated":true}]}}