{"id":100561,"date":"2019-06-17T12:22:38","date_gmt":"2019-06-17T15:22:38","guid":{"rendered":"http:\/\/www.caririemacao.com\/1\/?p=100561"},"modified":"2019-06-17T12:22:38","modified_gmt":"2019-06-17T15:22:38","slug":"sao-joao-tradicao-de-gurjao-acontece-nesta-quarta-feira-com-shows-em-praca-publica","status":"publish","type":"post","link":"https:\/\/www.caririemacao.com\/1\/2019\/06\/17\/sao-joao-tradicao-de-gurjao-acontece-nesta-quarta-feira-com-shows-em-praca-publica\/","title":{"rendered":"S\u00e3o Jo\u00e3o Tradi\u00e7\u00e3o de Gurjao acontece nesta quarta-feira com shows em pra\u00e7a p\u00fablica"},"content":{"rendered":"\n<p>A Prefeitura municipal de Gurj\u00e3o realiza nesta quarta-feira dia 19 de junho em pra\u00e7a publica, o S\u00e3o Jo\u00e3o Tradi\u00e7\u00e3o \u201cuma tradi\u00e7\u00e3o que se renova\u201d.<\/p>\n\n\n\n<p>O evento traz shows em Pra\u00e7a p\u00fablica com o gavi\u00e3o mais famoso do Brasil \u201cGleydson Gavi\u00e3o\u201d e ainda o forr\u00f3 de Tempero Completo.<\/p>\n\n\n\n<p>O prefeito Ronaldo Queiroz diz realizar com muita alegria mais um ano do tradicional S\u00e3o Jo\u00e3o do munic\u00edpio, e j\u00e1 lembra do Bode na Rua 2019, que ser\u00e1 mais um grande evento n\u00e3o s\u00f3 para Gurj\u00e3o, como para toda a regi\u00e3o do Cariri.<\/p>\n\n\n\n<p><strong>Para\u00edba Mix<\/strong><\/p>\n","protected":false},"excerpt":{"rendered":"<p>A Prefeitura municipal de Gurj\u00e3o realiza nesta quarta-feira dia 19 de junho em pra\u00e7a publica, o S\u00e3o Jo\u00e3o Tradi\u00e7\u00e3o \u201cuma tradi\u00e7\u00e3o que se renova\u201d. O&hellip; <\/p>\n","protected":false},"author":1,"featured_media":100562,"comment_status":"closed","ping_status":"closed","sticky":false,"template":"","format":"standard","meta":{"sfsi_plus_gutenberg_text_before_share":"","sfsi_plus_gutenberg_show_text_before_share":"","sfsi_plus_gutenberg_icon_type":"","sfsi_plus_gutenberg_icon_alignemt":"","sfsi_plus_gutenburg_max_per_row":"","footnotes":""},"categories":[6],"tags":[],"class_list":["post-100561","post","type-post","status-publish","format-standard","has-post-thumbnail","hentry","category-cidades"],"_links":{"self":[{"href":"https:\/\/www.caririemacao.com\/1\/wp-json\/wp\/v2\/posts\/100561","targetHints":{"allow":["GET"]}}],"collection":[{"href":"https:\/\/www.caririemacao.com\/1\/wp-json\/wp\/v2\/posts"}],"about":[{"href":"https:\/\/www.caririemacao.com\/1\/wp-json\/wp\/v2\/types\/post"}],"author":[{"embeddable":true,"href":"https:\/\/www.caririemacao.com\/1\/wp-json\/wp\/v2\/users\/1"}],"replies":[{"embeddable":true,"href":"https:\/\/www.caririemacao.com\/1\/wp-json\/wp\/v2\/comments?post=100561"}],"version-history":[{"count":1,"href":"https:\/\/www.caririemacao.com\/1\/wp-json\/wp\/v2\/posts\/100561\/revisions"}],"predecessor-version":[{"id":100563,"href":"https:\/\/www.caririemacao.com\/1\/wp-json\/wp\/v2\/posts\/100561\/revisions\/100563"}],"wp:featuredmedia":[{"embeddable":true,"href":"https:\/\/www.caririemacao.com\/1\/wp-json\/wp\/v2\/media\/100562"}],"wp:attachment":[{"href":"https:\/\/www.caririemacao.com\/1\/wp-json\/wp\/v2\/media?parent=100561"}],"wp:term":[{"taxonomy":"category","embeddable":true,"href":"https:\/\/www.caririemacao.com\/1\/wp-json\/wp\/v2\/categories?post=100561"},{"taxonomy":"post_tag","embeddable":true,"href":"https:\/\/www.caririemacao.com\/1\/wp-json\/wp\/v2\/tags?post=100561"}],"curies":[{"name":"wp","href":"https:\/\/api.w.org\/{rel}","templated":true}]}}