{"id":100571,"date":"2019-06-17T12:27:16","date_gmt":"2019-06-17T15:27:16","guid":{"rendered":"http:\/\/www.caririemacao.com\/1\/?p=100571"},"modified":"2019-06-17T12:27:16","modified_gmt":"2019-06-17T15:27:16","slug":"vice-prefeito-de-monteiro-celecileno-emite-nota-de-pesar-em-virtude-do-falecimento-do-ex-vereador-simorion-matos","status":"publish","type":"post","link":"https:\/\/www.caririemacao.com\/1\/2019\/06\/17\/vice-prefeito-de-monteiro-celecileno-emite-nota-de-pesar-em-virtude-do-falecimento-do-ex-vereador-simorion-matos\/","title":{"rendered":"Vice prefeito de Monteiro Celecileno emite nota de pesar em virtude do falecimento do ex vereador Simorion Matos"},"content":{"rendered":"\n<p>O vice prefeito de Monteiro Celecileno Alves emitiu uma nota lamentando o falecimento do ex vereador, jornalista e desportista Simorion Matos ocorrido nas primeiras horas desta segunda feira.<br>De acordo com Celecileno, o legado que Simorion vai deixar na comunica\u00e7\u00e3o e na pol\u00edtica de Monteiro \u00e9 enorme, e Monteiro perdeu bastante com a partida repentina do seu amigo \u201cSim\u00e3o\u201d.<br>Confira a nota na \u00edntegra:<br><em>\u201cMonteiro acordou com c\u00e9u nublado e tristonho. Um dia triste pela perda de um grande homem, que se destacou em todas as \u00e1reas nas quais atuou em nosso munic\u00edpio.<br>Simorion foi um grande incentivador do esporte, e da cultura, al\u00e9m de ser um agente pol\u00edtico que contribuiu muito atrav\u00e9s de seus mandatos com o crescimento da nossa cidade.<br>Que Deus o tenha e possa confortar sua fam\u00edlia, que est\u00e1 enlutada assim como todo o nosso povo monteirense pela sua partida\u201d.<br><\/em><\/p>\n\n\n\n<p>Celecileno Alves- Vice prefeito de Monteiro<\/p>\n","protected":false},"excerpt":{"rendered":"<p>O vice prefeito de Monteiro Celecileno Alves emitiu uma nota lamentando o falecimento do ex vereador, jornalista e desportista Simorion Matos ocorrido nas primeiras horas&hellip; <\/p>\n","protected":false},"author":1,"featured_media":87521,"comment_status":"closed","ping_status":"closed","sticky":false,"template":"","format":"standard","meta":{"sfsi_plus_gutenberg_text_before_share":"","sfsi_plus_gutenberg_show_text_before_share":"","sfsi_plus_gutenberg_icon_type":"","sfsi_plus_gutenberg_icon_alignemt":"","sfsi_plus_gutenburg_max_per_row":"","footnotes":""},"categories":[6],"tags":[],"class_list":["post-100571","post","type-post","status-publish","format-standard","has-post-thumbnail","hentry","category-cidades"],"_links":{"self":[{"href":"https:\/\/www.caririemacao.com\/1\/wp-json\/wp\/v2\/posts\/100571","targetHints":{"allow":["GET"]}}],"collection":[{"href":"https:\/\/www.caririemacao.com\/1\/wp-json\/wp\/v2\/posts"}],"about":[{"href":"https:\/\/www.caririemacao.com\/1\/wp-json\/wp\/v2\/types\/post"}],"author":[{"embeddable":true,"href":"https:\/\/www.caririemacao.com\/1\/wp-json\/wp\/v2\/users\/1"}],"replies":[{"embeddable":true,"href":"https:\/\/www.caririemacao.com\/1\/wp-json\/wp\/v2\/comments?post=100571"}],"version-history":[{"count":1,"href":"https:\/\/www.caririemacao.com\/1\/wp-json\/wp\/v2\/posts\/100571\/revisions"}],"predecessor-version":[{"id":100572,"href":"https:\/\/www.caririemacao.com\/1\/wp-json\/wp\/v2\/posts\/100571\/revisions\/100572"}],"wp:featuredmedia":[{"embeddable":true,"href":"https:\/\/www.caririemacao.com\/1\/wp-json\/wp\/v2\/media\/87521"}],"wp:attachment":[{"href":"https:\/\/www.caririemacao.com\/1\/wp-json\/wp\/v2\/media?parent=100571"}],"wp:term":[{"taxonomy":"category","embeddable":true,"href":"https:\/\/www.caririemacao.com\/1\/wp-json\/wp\/v2\/categories?post=100571"},{"taxonomy":"post_tag","embeddable":true,"href":"https:\/\/www.caririemacao.com\/1\/wp-json\/wp\/v2\/tags?post=100571"}],"curies":[{"name":"wp","href":"https:\/\/api.w.org\/{rel}","templated":true}]}}