{"id":100584,"date":"2019-06-17T12:37:39","date_gmt":"2019-06-17T15:37:39","guid":{"rendered":"http:\/\/www.caririemacao.com\/1\/?p=100584"},"modified":"2019-06-17T12:37:39","modified_gmt":"2019-06-17T15:37:39","slug":"termina-hoje-prazo-para-cadastro-de-estudantes-aprovados-no-sisu-2019","status":"publish","type":"post","link":"https:\/\/www.caririemacao.com\/1\/2019\/06\/17\/termina-hoje-prazo-para-cadastro-de-estudantes-aprovados-no-sisu-2019\/","title":{"rendered":"Termina hoje prazo para cadastro de estudantes aprovados no Sisu 2019"},"content":{"rendered":"\n<p>O cadastramento dos estudantes aprovados no&nbsp;Sistema de Sele\u00e7\u00e3o Unificada (SiSU) 2019 termina nesta segunda-feira (17). A Universidade Federal da Para\u00edba (UFPB) e a Universidade Federal de Campina Grande (UFCG) divulgaram na \u00faltima ter\u00e7a-feira (11) os editais que normatizam os procedimentos do cadastramento obrigat\u00f3rio dos aprovados.&nbsp;<\/p>\n\n\n\n<p><strong>Universidade Federal de Campina Grande (UFCG)<\/strong><\/p>\n\n\n\n<p>O cadastramento da&nbsp;Universidade Federal de Campina Grande (UFCG) come\u00e7ou na \u00faltima&nbsp;quarta-feira (12), prosseguindo at\u00e9 a hoje (17).<\/p>\n\n\n\n<p>O candidato deve realizar o cadastramento na coordena\u00e7\u00e3o do curso (e campus) para o qual foi aprovado, no hor\u00e1rio das 8h \u00e0s 11h e das 14h \u00e0s 17h, com toda a documenta\u00e7\u00e3o exigida. O procedimento \u00e9 obrigat\u00f3rio e o n\u00e3o comparecimento ao ato de cadastramento ou a n\u00e3o apresenta\u00e7\u00e3o da documenta\u00e7\u00e3o exigida implica na perda do direito \u00e0 vaga.<\/p>\n\n\n\n<p><a href=\"http:\/\/www.sisu.mec.gov.br\/selecionados\">Confira a chamada<\/a><\/p>\n\n\n\n<p>Lista de Espera<\/p>\n\n\n\n<p>Quem n\u00e3o foi convocado na Chamada Regular e quiser participar da Lista de Espera para vagas remanescentes dos cursos da UFCG deve manifestar o interesse no site do Sisu (http:\/\/www.sisu.mec.gov.br\/) tamb\u00e9m at\u00e9 hoje (17). Est\u00e3o previstas at\u00e9 sete chamadas da lista de espera da UFCG. A primeira sair\u00e1 na pr\u00f3xima quarta, dia 19.&nbsp;<\/p>\n\n\n\n<p>A matr\u00edcula em disciplinas do per\u00edodo 2019.2 acontecer\u00e1 no dia 29 de julho e as aulas come\u00e7am no dia 6 de agosto.<\/p>\n\n\n\n<p>A Universidade Federal da Para\u00edba (UFPB), por meio da Pr\u00f3-Reitoria de Gradua\u00e7\u00e3o (PRG), divulgou, na \u00faltima -feira (11), edital que normatiza os procedimentos do cadastramento obrigat\u00f3rio dos candidatos selecionados pela chamada regular da 2\u00b0 Edi\u00e7\u00e3o do Sistema de Sele\u00e7\u00e3o Unificada (SiSU) 2019.<\/p>\n\n\n\n<p>O cadastramento dever\u00e1 ser realizado a partir desta segunda-feira (17), at\u00e9 amanh\u00e3 (18), das 8h \u00e0s 12h e das 14h \u00e0s 17h, no Hall da Coordena\u00e7\u00e3o de Escolaridade (Codesc), no t\u00e9rreo do pr\u00e9dio da Reitoria, no campus I, em Jo\u00e3o Pessoa, conforme distribui\u00e7\u00e3o em tabela do edital.<\/p>\n\n\n\n<p>O candidato classificado que n\u00e3o comparecer pessoalmente ou que n\u00e3o constituir procurador para a realiza\u00e7\u00e3o do cadastramento obrigat\u00f3rio no prazo estabelecido perder\u00e1 o direito \u00e0 vaga.<\/p>\n\n\n\n<p>Para efetiva\u00e7\u00e3o do cadastramento, todos candidatos classificados dever\u00e3o comparecer ao local de cadastramento portando o original e a c\u00f3pia de cada um dos documentos exigidos.<\/p>\n\n\n\n<p>As vagas eventualmente n\u00e3o ocupadas ao fim da chamada regular e\/ou oriundas de desist\u00eancias e\/ou cancelamentos ser\u00e3o preenchidas mediante outras chamadas de listas de esperas, utilizando-se da lista de candidatos inscritos e disponibilizada pelo SiSU.<\/p>\n\n\n\n<p>De acordo com o cronograma do Sisu 2019.2, o prazo para participar da lista de espera ser\u00e1 de 11 a 17 de junho.&nbsp; A convoca\u00e7\u00e3o dos candidatos ocorrer\u00e1 a partir de 19 de junho.<\/p>\n\n\n\n<p>As 340 vagas ofertadas na 2\u00b0 Edi\u00e7\u00e3o do Sisu 2019 s\u00e3o referentes a 70 cursos dos quatro campi da institui\u00e7\u00e3o. O termo de ades\u00e3o foi publicado em 10 de maio.<br>Desse total, 153 s\u00e3o para ampla concorr\u00eancia e 187 para reserva de vagas. O quantitativo de vagas para cada curso e nota m\u00ednima devem ser verificados no documento.<\/p>\n\n\n\n<p>No Sisu 2019.1, a UFPB ofereceu 7.842 vagas.<\/p>\n","protected":false},"excerpt":{"rendered":"<p>O cadastramento dos estudantes aprovados no&nbsp;Sistema de Sele\u00e7\u00e3o Unificada (SiSU) 2019 termina nesta segunda-feira (17). A Universidade Federal da Para\u00edba (UFPB) e a Universidade Federal&hellip; <\/p>\n","protected":false},"author":1,"featured_media":96618,"comment_status":"closed","ping_status":"closed","sticky":false,"template":"","format":"standard","meta":{"sfsi_plus_gutenberg_text_before_share":"","sfsi_plus_gutenberg_show_text_before_share":"","sfsi_plus_gutenberg_icon_type":"","sfsi_plus_gutenberg_icon_alignemt":"","sfsi_plus_gutenburg_max_per_row":"","footnotes":""},"categories":[14],"tags":[],"class_list":["post-100584","post","type-post","status-publish","format-standard","has-post-thumbnail","hentry","category-educacao"],"_links":{"self":[{"href":"https:\/\/www.caririemacao.com\/1\/wp-json\/wp\/v2\/posts\/100584","targetHints":{"allow":["GET"]}}],"collection":[{"href":"https:\/\/www.caririemacao.com\/1\/wp-json\/wp\/v2\/posts"}],"about":[{"href":"https:\/\/www.caririemacao.com\/1\/wp-json\/wp\/v2\/types\/post"}],"author":[{"embeddable":true,"href":"https:\/\/www.caririemacao.com\/1\/wp-json\/wp\/v2\/users\/1"}],"replies":[{"embeddable":true,"href":"https:\/\/www.caririemacao.com\/1\/wp-json\/wp\/v2\/comments?post=100584"}],"version-history":[{"count":1,"href":"https:\/\/www.caririemacao.com\/1\/wp-json\/wp\/v2\/posts\/100584\/revisions"}],"predecessor-version":[{"id":100585,"href":"https:\/\/www.caririemacao.com\/1\/wp-json\/wp\/v2\/posts\/100584\/revisions\/100585"}],"wp:featuredmedia":[{"embeddable":true,"href":"https:\/\/www.caririemacao.com\/1\/wp-json\/wp\/v2\/media\/96618"}],"wp:attachment":[{"href":"https:\/\/www.caririemacao.com\/1\/wp-json\/wp\/v2\/media?parent=100584"}],"wp:term":[{"taxonomy":"category","embeddable":true,"href":"https:\/\/www.caririemacao.com\/1\/wp-json\/wp\/v2\/categories?post=100584"},{"taxonomy":"post_tag","embeddable":true,"href":"https:\/\/www.caririemacao.com\/1\/wp-json\/wp\/v2\/tags?post=100584"}],"curies":[{"name":"wp","href":"https:\/\/api.w.org\/{rel}","templated":true}]}}