{"id":100595,"date":"2019-06-17T12:45:37","date_gmt":"2019-06-17T15:45:37","guid":{"rendered":"http:\/\/www.caririemacao.com\/1\/?p=100595"},"modified":"2019-06-17T12:45:37","modified_gmt":"2019-06-17T15:45:37","slug":"apos-caso-levy-bolsonaro-e-guedes-se-encontram-no-planalto","status":"publish","type":"post","link":"https:\/\/www.caririemacao.com\/1\/2019\/06\/17\/apos-caso-levy-bolsonaro-e-guedes-se-encontram-no-planalto\/","title":{"rendered":"Ap\u00f3s caso Levy, Bolsonaro e Guedes se encontram no Planalto"},"content":{"rendered":"\n<p>O ministro da Economia,&nbsp;<strong>Paulo Guedes<\/strong>, e o presidente&nbsp;<strong>Jair Bolsonaro<\/strong>&nbsp;estiveram reunidos na manh\u00e3 desta segunda-feira, 17, no Pal\u00e1cio do Planalto, de acordo com a assessoria da Presid\u00eancia.<\/p>\n\n\n\n<p>Os dois se encontraram ap\u00f3s Joaquim Levy pedir demiss\u00e3o da presid\u00eancia do Banco Nacional de Desenvolvimento Econ\u00f4mico e Social (BNDES), depois de Bolsonaro amea\u00e7ar dispens\u00e1-lo no \u00faltimo s\u00e1bado. J\u00e1 no domingo pela manh\u00e3, Levy informou que entregou seu pedido de desligamento do cargo a Guedes.<\/p>\n\n\n\n<figure class=\"wp-block-image\"><img decoding=\"async\" data-src=\"https:\/\/p2.trrsf.com\/image\/fget\/cf\/460\/0\/images.terra.com\/2019\/05\/24\/2019-05-24T212619Z_1_LYNXNPEF4N1R4_RTROPTP_4_BRAZIL-POLITICS.JPG\" alt=\"O presidente Jair Bolsonaro e o ministro da Economia, Paulo Guedes\" src=\"data:image\/svg+xml;base64,PHN2ZyB3aWR0aD0iMSIgaGVpZ2h0PSIxIiB4bWxucz0iaHR0cDovL3d3dy53My5vcmcvMjAwMC9zdmciPjwvc3ZnPg==\" class=\"lazyload\" \/><figcaption>O presidente Jair Bolsonaro e o ministro da Economia, Paulo GuedesFoto: Adriano Machado \/ Reuters<\/figcaption><\/figure>\n\n\n\n<p>A reuni\u00e3o entre Bolsonaro e o ministro da Economia aconteceu&nbsp;<strong>fora da agenda<\/strong>&nbsp;oficial da presid\u00eancia. Como habitualmente acontece \u00e0s segundas, Guedes se reuniria com o presidente apenas na parte da tarde.<\/p>\n\n\n\n<p>A agenda do ministro da Economia na manh\u00e3 previa uma reuni\u00e3o geral de secret\u00e1rios da pasta, incluindo o secret\u00e1rio Especial de Desestatiza\u00e7\u00e3o e Desinvestimento, Salim Mattar. Ele \u00e9 um dos cotados para assumir a presid\u00eancia do BNDES.<\/p>\n\n\n\n<p>A assessoria do Planalto n\u00e3o soube informar no momento se havia mais pessoas participando da reuni\u00e3o entre o presidente e o ministro da Economia. A agenda do presidente ser\u00e1 atualizada mais tarde com os participantes da audi\u00eancia.<br><\/p>\n\n\n\n<p><br><strong>TERRA<\/strong><\/p>\n","protected":false},"excerpt":{"rendered":"<p>O ministro da Economia,&nbsp;Paulo Guedes, e o presidente&nbsp;Jair Bolsonaro&nbsp;estiveram reunidos na manh\u00e3 desta segunda-feira, 17, no Pal\u00e1cio do Planalto, de acordo com a assessoria da&hellip; <\/p>\n","protected":false},"author":1,"featured_media":100596,"comment_status":"closed","ping_status":"closed","sticky":false,"template":"","format":"standard","meta":{"sfsi_plus_gutenberg_text_before_share":"","sfsi_plus_gutenberg_show_text_before_share":"","sfsi_plus_gutenberg_icon_type":"","sfsi_plus_gutenberg_icon_alignemt":"","sfsi_plus_gutenburg_max_per_row":"","footnotes":""},"categories":[11],"tags":[],"class_list":["post-100595","post","type-post","status-publish","format-standard","has-post-thumbnail","hentry","category-politica"],"_links":{"self":[{"href":"https:\/\/www.caririemacao.com\/1\/wp-json\/wp\/v2\/posts\/100595","targetHints":{"allow":["GET"]}}],"collection":[{"href":"https:\/\/www.caririemacao.com\/1\/wp-json\/wp\/v2\/posts"}],"about":[{"href":"https:\/\/www.caririemacao.com\/1\/wp-json\/wp\/v2\/types\/post"}],"author":[{"embeddable":true,"href":"https:\/\/www.caririemacao.com\/1\/wp-json\/wp\/v2\/users\/1"}],"replies":[{"embeddable":true,"href":"https:\/\/www.caririemacao.com\/1\/wp-json\/wp\/v2\/comments?post=100595"}],"version-history":[{"count":1,"href":"https:\/\/www.caririemacao.com\/1\/wp-json\/wp\/v2\/posts\/100595\/revisions"}],"predecessor-version":[{"id":100597,"href":"https:\/\/www.caririemacao.com\/1\/wp-json\/wp\/v2\/posts\/100595\/revisions\/100597"}],"wp:featuredmedia":[{"embeddable":true,"href":"https:\/\/www.caririemacao.com\/1\/wp-json\/wp\/v2\/media\/100596"}],"wp:attachment":[{"href":"https:\/\/www.caririemacao.com\/1\/wp-json\/wp\/v2\/media?parent=100595"}],"wp:term":[{"taxonomy":"category","embeddable":true,"href":"https:\/\/www.caririemacao.com\/1\/wp-json\/wp\/v2\/categories?post=100595"},{"taxonomy":"post_tag","embeddable":true,"href":"https:\/\/www.caririemacao.com\/1\/wp-json\/wp\/v2\/tags?post=100595"}],"curies":[{"name":"wp","href":"https:\/\/api.w.org\/{rel}","templated":true}]}}