{"id":100604,"date":"2019-06-17T12:54:51","date_gmt":"2019-06-17T15:54:51","guid":{"rendered":"http:\/\/www.caririemacao.com\/1\/?p=100604"},"modified":"2019-06-17T12:54:51","modified_gmt":"2019-06-17T15:54:51","slug":"produtividade-do-trabalho-no-pais-recua-11-no-primeiro-trimestre","status":"publish","type":"post","link":"https:\/\/www.caririemacao.com\/1\/2019\/06\/17\/produtividade-do-trabalho-no-pais-recua-11-no-primeiro-trimestre\/","title":{"rendered":"Produtividade do trabalho no pa\u00eds recua 1,1% no primeiro trimestre"},"content":{"rendered":"\n<p>A produtividade por hora trabalhada no pa\u00eds, calculada pela Funda\u00e7\u00e3o Getulio Vargas (FGV), recuou 1,1% no primeiro trimestre deste ano, na compara\u00e7\u00e3o com o primeiro trimestre de 2018. O dado \u00e9 calculado com base nas Contras Trimestrais e na Pesquisa Nacional por Amostra de Domic\u00edlio (Pnad), divulgadas pelo Instituto Brasileiro de Geografia e Estat\u00edstica (IBGE).<\/p>\n\n\n\n<p>No trimestre anterior, a produtividade havia crescido 0,1%. Considerando-se os grandes setores da economia, apenas a agropecu\u00e1ria teve alta na produtividade do trabalho na compara\u00e7\u00e3o do primeiro trimestre do ano com o mesmo per\u00edodo de 2018 (0,4%). Na ind\u00fastria e nos servi\u00e7os, houve recuo de 1,2% no per\u00edodo.<\/p>\n\n\n\n<p>No acumulado de quatro trimestres, a produtividade no trabalho recuou 0,3%. Entre os setores, apenas os servi\u00e7os tiveram queda nesse tipo de compara\u00e7\u00e3o (-0,8%). Na ind\u00fastria, houve crescimento de 0,6% e, na agropecu\u00e1ria, 1,5%.<\/p>\n","protected":false},"excerpt":{"rendered":"<p>A produtividade por hora trabalhada no pa\u00eds, calculada pela Funda\u00e7\u00e3o Getulio Vargas (FGV), recuou 1,1% no primeiro trimestre deste ano, na compara\u00e7\u00e3o com o primeiro&hellip; <\/p>\n","protected":false},"author":1,"featured_media":13600,"comment_status":"closed","ping_status":"closed","sticky":false,"template":"","format":"standard","meta":{"sfsi_plus_gutenberg_text_before_share":"","sfsi_plus_gutenberg_show_text_before_share":"","sfsi_plus_gutenberg_icon_type":"","sfsi_plus_gutenberg_icon_alignemt":"","sfsi_plus_gutenburg_max_per_row":"","footnotes":""},"categories":[11],"tags":[],"class_list":["post-100604","post","type-post","status-publish","format-standard","has-post-thumbnail","hentry","category-politica"],"_links":{"self":[{"href":"https:\/\/www.caririemacao.com\/1\/wp-json\/wp\/v2\/posts\/100604","targetHints":{"allow":["GET"]}}],"collection":[{"href":"https:\/\/www.caririemacao.com\/1\/wp-json\/wp\/v2\/posts"}],"about":[{"href":"https:\/\/www.caririemacao.com\/1\/wp-json\/wp\/v2\/types\/post"}],"author":[{"embeddable":true,"href":"https:\/\/www.caririemacao.com\/1\/wp-json\/wp\/v2\/users\/1"}],"replies":[{"embeddable":true,"href":"https:\/\/www.caririemacao.com\/1\/wp-json\/wp\/v2\/comments?post=100604"}],"version-history":[{"count":1,"href":"https:\/\/www.caririemacao.com\/1\/wp-json\/wp\/v2\/posts\/100604\/revisions"}],"predecessor-version":[{"id":100605,"href":"https:\/\/www.caririemacao.com\/1\/wp-json\/wp\/v2\/posts\/100604\/revisions\/100605"}],"wp:featuredmedia":[{"embeddable":true,"href":"https:\/\/www.caririemacao.com\/1\/wp-json\/wp\/v2\/media\/13600"}],"wp:attachment":[{"href":"https:\/\/www.caririemacao.com\/1\/wp-json\/wp\/v2\/media?parent=100604"}],"wp:term":[{"taxonomy":"category","embeddable":true,"href":"https:\/\/www.caririemacao.com\/1\/wp-json\/wp\/v2\/categories?post=100604"},{"taxonomy":"post_tag","embeddable":true,"href":"https:\/\/www.caririemacao.com\/1\/wp-json\/wp\/v2\/tags?post=100604"}],"curies":[{"name":"wp","href":"https:\/\/api.w.org\/{rel}","templated":true}]}}