{"id":100608,"date":"2019-06-17T12:57:42","date_gmt":"2019-06-17T15:57:42","guid":{"rendered":"http:\/\/www.caririemacao.com\/1\/?p=100608"},"modified":"2019-06-17T12:57:42","modified_gmt":"2019-06-17T15:57:42","slug":"estimativa-do-mercado-para-crescimento-da-economia-cai-para-093","status":"publish","type":"post","link":"https:\/\/www.caririemacao.com\/1\/2019\/06\/17\/estimativa-do-mercado-para-crescimento-da-economia-cai-para-093\/","title":{"rendered":"Estimativa do mercado para crescimento da economia cai para 0,93%"},"content":{"rendered":"\n<p>A estimativa do mercado financeiro para o crescimento da economia este ano caiu para abaixo de 1%, ap\u00f3s 16 redu\u00e7\u00f5es consecutivas.<\/p>\n\n\n\n<p>\u00c9 o que mostra o boletim Focus, resultado de pesquisa do Banco Central (BC) a institui\u00e7\u00f5es financeiras, divulgado hoje (17), em Bras\u00edlia.<\/p>\n\n\n\n<p>A proje\u00e7\u00e3o para a expans\u00e3o do Produto Interno Bruto (PIB) \u2013 a soma de todos os bens e servi\u00e7os produzidos no pa\u00eds &#8211; desta vez foi reduzida de 1% para 0,93%.<\/p>\n\n\n\n<p>A expectativa das institui\u00e7\u00f5es financeiras \u00e9 que a economia tenha crescimento maior em 2020. Entretanto, a previs\u00e3o para o pr\u00f3ximo ano foi reduzida de 2,23% para 2,20%, no segundo recuo consecutivo. A previs\u00e3o para 2021 e 2022 permanece em 2,50%.<\/p>\n\n\n\n<h2 class=\"wp-block-heading\">Infla\u00e7\u00e3o<\/h2>\n\n\n\n<p>A estimativa de infla\u00e7\u00e3o, calculada pelo \u00cdndice Nacional de Pre\u00e7os ao Consumidor Amplo (IPCA), caiu de 3,89% para 3,84% este ano, na terceira diminui\u00e7\u00e3o seguida. A previs\u00e3o foi mantida em 4% para 2020 e em 3,75% para 2021 e 2022.<\/p>\n\n\n\n<p>A meta de infla\u00e7\u00e3o de 2019, definida pelo Conselho Monet\u00e1rio Nacional (CMN), \u00e9 de 4,25%, com intervalo de toler\u00e2ncia entre 2,75% e 5,75%.<\/p>\n\n\n\n<p>A estimativa para 2020 est\u00e1 no centro da meta: 4%. Essa meta tem intervalo de 1,5 ponto percentual para cima ou para baixo.<\/p>\n\n\n\n<p>Para 2021, o centro da meta \u00e9 3,75%, tamb\u00e9m com intervalo de toler\u00e2ncia de 1,5 ponto percentual. O CMN ainda n\u00e3o definiu a meta de infla\u00e7\u00e3o para 2022.<\/p>\n\n\n\n<h2 class=\"wp-block-heading\">Taxa b\u00e1sica de juros<\/h2>\n\n\n\n<p>Para alcan\u00e7ar a meta de infla\u00e7\u00e3o, o Banco Central usa como principal instrumento a taxa b\u00e1sica de juros, a Selic, atualmente em 6,5% ao ano.<\/p>\n\n\n\n<p>O mercado financeiro reduziu a proje\u00e7\u00e3o para a Selic ao final de 2019 de 6,5% ao ano para 5,75% ao ano.<\/p>\n\n\n\n<p>Para o fim de 2020, a expectativa para a taxa b\u00e1sica caiu de 7% ao ano para 6,5% ao ano.<\/p>\n\n\n\n<p>Quando o Copom reduz a Selic, a tend\u00eancia \u00e9 que o cr\u00e9dito fique mais barato, com incentivo \u00e0 produ\u00e7\u00e3o e ao consumo, reduzindo o controle da infla\u00e7\u00e3o e estimulando a atividade econ\u00f4mica.<\/p>\n\n\n\n<p>Quando o Comit\u00ea de Pol\u00edtica Monet\u00e1ria (Copom) aumenta a Selic, a finalidade \u00e9 conter a demanda aquecida, e isso causa reflexos nos pre\u00e7os porque os juros mais altos encarecem o cr\u00e9dito e estimulam a poupan\u00e7a.<\/p>\n","protected":false},"excerpt":{"rendered":"<p>A estimativa do mercado financeiro para o crescimento da economia este ano caiu para abaixo de 1%, ap\u00f3s 16 redu\u00e7\u00f5es consecutivas. \u00c9 o que mostra&hellip; <\/p>\n","protected":false},"author":1,"featured_media":100609,"comment_status":"closed","ping_status":"closed","sticky":false,"template":"","format":"standard","meta":{"sfsi_plus_gutenberg_text_before_share":"","sfsi_plus_gutenberg_show_text_before_share":"","sfsi_plus_gutenberg_icon_type":"","sfsi_plus_gutenberg_icon_alignemt":"","sfsi_plus_gutenburg_max_per_row":"","footnotes":""},"categories":[11],"tags":[],"class_list":["post-100608","post","type-post","status-publish","format-standard","has-post-thumbnail","hentry","category-politica"],"_links":{"self":[{"href":"https:\/\/www.caririemacao.com\/1\/wp-json\/wp\/v2\/posts\/100608","targetHints":{"allow":["GET"]}}],"collection":[{"href":"https:\/\/www.caririemacao.com\/1\/wp-json\/wp\/v2\/posts"}],"about":[{"href":"https:\/\/www.caririemacao.com\/1\/wp-json\/wp\/v2\/types\/post"}],"author":[{"embeddable":true,"href":"https:\/\/www.caririemacao.com\/1\/wp-json\/wp\/v2\/users\/1"}],"replies":[{"embeddable":true,"href":"https:\/\/www.caririemacao.com\/1\/wp-json\/wp\/v2\/comments?post=100608"}],"version-history":[{"count":1,"href":"https:\/\/www.caririemacao.com\/1\/wp-json\/wp\/v2\/posts\/100608\/revisions"}],"predecessor-version":[{"id":100610,"href":"https:\/\/www.caririemacao.com\/1\/wp-json\/wp\/v2\/posts\/100608\/revisions\/100610"}],"wp:featuredmedia":[{"embeddable":true,"href":"https:\/\/www.caririemacao.com\/1\/wp-json\/wp\/v2\/media\/100609"}],"wp:attachment":[{"href":"https:\/\/www.caririemacao.com\/1\/wp-json\/wp\/v2\/media?parent=100608"}],"wp:term":[{"taxonomy":"category","embeddable":true,"href":"https:\/\/www.caririemacao.com\/1\/wp-json\/wp\/v2\/categories?post=100608"},{"taxonomy":"post_tag","embeddable":true,"href":"https:\/\/www.caririemacao.com\/1\/wp-json\/wp\/v2\/tags?post=100608"}],"curies":[{"name":"wp","href":"https:\/\/api.w.org\/{rel}","templated":true}]}}