{"id":100618,"date":"2019-06-17T13:06:09","date_gmt":"2019-06-17T16:06:09","guid":{"rendered":"http:\/\/www.caririemacao.com\/1\/?p=100618"},"modified":"2019-06-17T13:06:09","modified_gmt":"2019-06-17T16:06:09","slug":"idoso-e-picado-por-jararaca-e-leva-cobra-viva-na-mao-ate-hospital","status":"publish","type":"post","link":"https:\/\/www.caririemacao.com\/1\/2019\/06\/17\/idoso-e-picado-por-jararaca-e-leva-cobra-viva-na-mao-ate-hospital\/","title":{"rendered":"Idoso \u00e9 picado por jararaca e leva cobra viva na m\u00e3o at\u00e9 hospital"},"content":{"rendered":"\n<p>A foto de um homem chegando ao Hospital de Urg\u00eancia e Emerg\u00eancia Regional (Heuro) com uma cobra viva na m\u00e3o viralizou nas redes sociais em Cacoal (RO), nesta semana. Segundo a unidade de sa\u00fade, o idoso de 64 anos preferiu n\u00e3o matar a jararaca que o atacou e decidiu lev\u00e1-la viva aos m\u00e9dicos para receber atendimento correto.<\/p>\n\n\n\n<p>De acordo com a coordenadora de epidemiologia do Heuro, Fabiane da Costa Sampaio, o homem foi medicado e passa bem.<\/p>\n\n\n\n<p>Em entrevista, a coordenadora conta que o paciente foi picado na panturrilha pela jararaca enquanto estava em um s\u00edtio de Cacoal, localizado na linha 11.<\/p>\n\n\n\n<p>O caso \u00e9 considerado pelos profissionais como inusitado, pois o homem chegou com a cobra viva, segurando-a pela cabe\u00e7a.<\/p>\n\n\n\n<p>Segundo a profissional de sa\u00fade, a recomenda\u00e7\u00e3o do Minist\u00e9rio da Sa\u00fade \u00e9 que a v\u00edtima picada por cobra realmente apresente a cobra no hospital, para que seja poss\u00edvel classificar e fazer o tratamento com o soro antiof\u00eddico. Por\u00e9m a forma como o homem levou o animal, ainda vivo e segurando s\u00f3 com m\u00e3os, n\u00e3o \u00e9 a maneira correta.<\/p>\n\n\n\n<p>\u201cEle correu o risco de ser picado novamente e colocou a seguran\u00e7a das outras pessoas em risco tamb\u00e9m. O correto seria colocar o animal em algum pote pl\u00e1stico, para s\u00f3 assim transport\u00e1-lo ao hospital\u201d, explica Fabiane.<\/p>\n\n\n\n<p>Ap\u00f3s chegar ao hospital, o paciente passou pela sala vermelha, recebeu algumas medica\u00e7\u00f5es antial\u00e9rgicas, fez a prescri\u00e7\u00e3o do soro e ficou internado nesta semana.<\/p>\n\n\n\n<p>\u201cDurante esses dias o idoso n\u00e3o apresentou nenhuma complica\u00e7\u00e3o, a n\u00e3o ser os sintomas naturais da picada, como dor e vermelhid\u00e3o e rigidez na regi\u00e3o picada. Ele j\u00e1 recebeu alta hospitalar e se recupera em casa\u201d, conta.<\/p>\n\n\n\n<p>A coordenadora orienta que qualquer pessoa que tenha algum acidente com animais pe\u00e7onhentos, seja cobra, aranha, escorpi\u00e3o ou lagarta, precisa procurar atendimento m\u00e9dico.<\/p>\n\n\n\n<p>\u201cEm casa n\u00e3o tem como saber se esse animal \u00e9 venenoso ou n\u00e3o. No hospital o m\u00e9dico vai avaliar os sintomas cl\u00ednicos do paciente, pedir exames, avaliar se o animal \u00e9 venenoso, para saber qual a conduta a ser tomada\u201d, orientou.<\/p>\n\n\n\n<p>A cobra levada viva \u00e0 unidade do Heuro em Cacoal foi capturada e recolhida pelos funcion\u00e1rios do local.<\/p>\n\n\n\n<p>Magda Oliveira, G1 Cacoal e Zona da Mata<\/p>\n","protected":false},"excerpt":{"rendered":"<p>A foto de um homem chegando ao Hospital de Urg\u00eancia e Emerg\u00eancia Regional (Heuro) com uma cobra viva na m\u00e3o viralizou nas redes sociais em&hellip; <\/p>\n","protected":false},"author":1,"featured_media":100619,"comment_status":"closed","ping_status":"closed","sticky":false,"template":"","format":"standard","meta":{"sfsi_plus_gutenberg_text_before_share":"","sfsi_plus_gutenberg_show_text_before_share":"","sfsi_plus_gutenberg_icon_type":"","sfsi_plus_gutenberg_icon_alignemt":"","sfsi_plus_gutenburg_max_per_row":"","footnotes":""},"categories":[12],"tags":[],"class_list":["post-100618","post","type-post","status-publish","format-standard","has-post-thumbnail","hentry","category-policia"],"_links":{"self":[{"href":"https:\/\/www.caririemacao.com\/1\/wp-json\/wp\/v2\/posts\/100618","targetHints":{"allow":["GET"]}}],"collection":[{"href":"https:\/\/www.caririemacao.com\/1\/wp-json\/wp\/v2\/posts"}],"about":[{"href":"https:\/\/www.caririemacao.com\/1\/wp-json\/wp\/v2\/types\/post"}],"author":[{"embeddable":true,"href":"https:\/\/www.caririemacao.com\/1\/wp-json\/wp\/v2\/users\/1"}],"replies":[{"embeddable":true,"href":"https:\/\/www.caririemacao.com\/1\/wp-json\/wp\/v2\/comments?post=100618"}],"version-history":[{"count":1,"href":"https:\/\/www.caririemacao.com\/1\/wp-json\/wp\/v2\/posts\/100618\/revisions"}],"predecessor-version":[{"id":100620,"href":"https:\/\/www.caririemacao.com\/1\/wp-json\/wp\/v2\/posts\/100618\/revisions\/100620"}],"wp:featuredmedia":[{"embeddable":true,"href":"https:\/\/www.caririemacao.com\/1\/wp-json\/wp\/v2\/media\/100619"}],"wp:attachment":[{"href":"https:\/\/www.caririemacao.com\/1\/wp-json\/wp\/v2\/media?parent=100618"}],"wp:term":[{"taxonomy":"category","embeddable":true,"href":"https:\/\/www.caririemacao.com\/1\/wp-json\/wp\/v2\/categories?post=100618"},{"taxonomy":"post_tag","embeddable":true,"href":"https:\/\/www.caririemacao.com\/1\/wp-json\/wp\/v2\/tags?post=100618"}],"curies":[{"name":"wp","href":"https:\/\/api.w.org\/{rel}","templated":true}]}}