{"id":100630,"date":"2019-06-17T13:12:58","date_gmt":"2019-06-17T16:12:58","guid":{"rendered":"http:\/\/www.caririemacao.com\/1\/?p=100630"},"modified":"2019-06-17T13:12:58","modified_gmt":"2019-06-17T16:12:58","slug":"novo-ministro-de-bolsonaro-general-ramos-tem-relacao-proxima-com-pt-e-psol","status":"publish","type":"post","link":"https:\/\/www.caririemacao.com\/1\/2019\/06\/17\/novo-ministro-de-bolsonaro-general-ramos-tem-relacao-proxima-com-pt-e-psol\/","title":{"rendered":"Novo ministro de Bolsonaro, general Ramos tem rela\u00e7\u00e3o pr\u00f3xima com PT e PSOL"},"content":{"rendered":"\n<p>Mais novo ministro de Jair Bolsonaro, o general Luiz Eduardo Ramos (Secretaria de Governo), conhecido como uma esp\u00e9cie de rela\u00e7\u00f5es p\u00fablicas do Ex\u00e9rcito e tamb\u00e9m do presidente, carrega algo tido como incomum, e \u00e0s vezes at\u00e9 inaceit\u00e1vel, para o atual governo: tem proximidade com pol\u00edticos da esquerda, do PT ao PSOL.&nbsp;<\/p>\n\n\n\n<p>Na \u00faltima semana, Bolsonaro fez duras manifesta\u00e7\u00f5es contra os ent\u00e3o presidentes dos Correios, general Juarez Aparecido de Paula Cunha, e o do BNDES, Joaquim Levy, por liga\u00e7\u00e3o com petistas. Levy pediu deixou o cargo neste domingo (16), e Cunha est\u00e1 de aviso pr\u00e9vio no governo.&nbsp;<\/p>\n\n\n\n<p>Durante a campanha, enquanto o comando das For\u00e7as Armadas pedia discri\u00e7\u00e3o, Ramos nunca escondeu de que lado estava. Al\u00e9m de visitas ao hospital para ver Bolsonaro, ap\u00f3s o epis\u00f3dio da facada, ele intermediou entrevistas e fez postagens em redes sociais para defender o amigo.<\/p>\n\n\n\n<p>Desde antes de se confirmar o resultado da elei\u00e7\u00e3o, as pessoas mais pr\u00f3ximas j\u00e1 cravavam: o general teria algum cargo no governo. Seis meses depois, o general chega nesta segunda-feira (17) para integrar o minist\u00e9rio do presidente.<\/p>\n\n\n\n<p>De acordo com relatos de aliados de Bolsonaro, o presidente j\u00e1 tratava Ramos como um ministro havia algum tempo. Tanto que, na ter\u00e7a-feira (11), levou o general num jantar promovido pelo presidente da Fiesp, Paulo Skaf, com 45 empres\u00e1rios de diferentes setores da economia.&nbsp;<\/p>\n\n\n\n<p>Segundo participantes do encontro, o comandante militar do Sudeste j\u00e1 circulava e posava para fotografias como futuro ministro ao lado de nomes como Ab\u00edlio Diniz, L\u00e1zaro Brand\u00e3o, Carlos Zarlenga e Rubens Ometto.<\/p>\n\n\n\n<p>Pr\u00f3ximo de pol\u00edticos, em mar\u00e7o, Ramos causou surpresa em parlamentares da bancada paulista do PSL.&nbsp;<\/p>\n\n\n\n<p>Por seu convite, houve um almo\u00e7o de deputados na sede do Comando Militar do Sudeste, em S\u00e3o Paulo, do qual era chefe antes ser promovido ministro.&nbsp;<\/p>\n\n\n\n<p>O objetivo do encontro era falar sobre a reforma da Previd\u00eancia. O general reservou ao seu lado tr\u00eas lugares, para Arlindo Chinaglia (PT-SP), Ivan Valente (PSOL-SP) e Paulinho da For\u00e7a (SD-SP), causando perplexidade em Alexandre Frota (PSL-SP) e Carla Zambelli (PSL-SP).<\/p>\n\n\n\n<p>Mais do que o gesto, Ramos fez quest\u00e3o de falar sobre a rela\u00e7\u00e3o pr\u00f3xima que mant\u00e9m com os deputados das siglas de esquerda.&nbsp;<\/p>\n\n\n\n<p>A conversa foi al\u00e9m da proposta de reestrutura\u00e7\u00e3o da carreira e de mudan\u00e7as na aposentadoria.&nbsp;<\/p>\n\n\n\n<p>Falou-se da inexperi\u00eancia do presidente Jair Bolsonaro na articula\u00e7\u00e3o pol\u00edtica, do papel do vice, o tamb\u00e9m general Hamilton Mour\u00e3o, e da crise na Venezuela.&nbsp;<\/p>\n\n\n\n<p>Naquele mesmo dia, o deputado Eduardo Bolsonaro (PSL-SP) havia defendido no Chile o uso da for\u00e7a para tirar o ditador Nicol\u00e1s Maduro do poder.<\/p>\n\n\n\n<p>&#8220;Como profissionais da guerra, defendemos a paz&#8221;, disse Ramos, sem constrangimento em contrariar o filho do presidente na frente de seus correligion\u00e1rios de partido.&nbsp;<\/p>\n\n\n\n<p>A disposi\u00e7\u00e3o ao di\u00e1logo, mesmo com aqueles que est\u00e3o em campo oposto a seu posicionamento pol\u00edtico-ideol\u00f3gico, \u00e9 apontada como sua principal caracter\u00edstica.&nbsp;<\/p>\n\n\n\n<p>O bom tr\u00e2nsito entre pol\u00edticos foi constru\u00eddo quando integrou a assessoria parlamentar do Ex\u00e9rcito no Congresso.&nbsp;<\/p>\n\n\n\n<p>Em 2006, por exemplo, o deputado Ivan Valente (PSOL) foi convidado pelos militares para uma miss\u00e3o na Amaz\u00f4nia. A viagem de cerca de uma semana acabou aproximando o parlamentar do general.&nbsp;<\/p>\n\n\n\n<p>&#8220;Se eu fosse ele, n\u00e3o iria para o ninho de cobras do bolsonarismo. Ficaria em S\u00e3o Paulo. Aqui o di\u00e1logo rola mais solto. Vou dizer isso a ele se me consultar&#8221;, afirmou Ivan Valente \u00e0 reportagem.&nbsp;<\/p>\n\n\n\n<p>O deputado do PSOL diz que Ramos \u00e9 &#8220;aberto a ouvir&#8221; e, diferentemente de grande parte da caserna, reconhece que houve ditadura, mas que o pa\u00eds precisa superar aquela fase.<\/p>\n\n\n\n<p>&#8220;Lembro que durante a viagem \u00e0 Amaz\u00f4nia eu, que fui perseguido, preso, torturado e condenado pelo regime militar, brincava com ele, dizendo: tem certeza que n\u00e3o est\u00e1 me levando para o pau de arara, n\u00e9?&#8221;<\/p>\n\n\n\n<p>Cr\u00edtico da atua\u00e7\u00e3o do antecessor, o l\u00edder do PSL no Senado, Major Ol\u00edmpio (SP), se disse f\u00e3 do novo. &#8220;Tem experi\u00eancia, traquejo, conhecimento e \u00e9 da extrema confian\u00e7a e amizade pessoal do presidente&#8221;, afirmou.<\/p>\n\n\n\n<p>Major Ol\u00edmpio disse que Ramos \u00e9 &#8220;respeitoso com pessoas de todas as classes sociais&#8221; e algu\u00e9m que &#8220;ouve muito e \u00e9 humilde&#8221;.<\/p>\n\n\n\n<p><strong>RELA\u00c7\u00d5ES P\u00daBLICAS<\/strong><\/p>\n\n\n\n<p>Durante a campanha, general Ramos ficou ainda mais conhecido em emissoras de televis\u00e3o. No per\u00edodo, intensificou as visitas a executivos, o que j\u00e1 fazia antes, como se v\u00ea em sua conta no Twitter, em que h\u00e1 fotos, por exemplo, com Johnny Saad, presidente do grupo Bandeirantes.&nbsp;<\/p>\n\n\n\n<p>O bom tr\u00e2nsito nos meios de comunica\u00e7\u00e3o lhe rendeu status informal de rela\u00e7\u00f5es p\u00fablicas do Ex\u00e9rcito e, depois, tamb\u00e9m do ent\u00e3o candidato Jair Bolsonaro.&nbsp;<\/p>\n\n\n\n<p>Enquanto oficialmente o \u00f3rg\u00e3o pedia cuidado aos seus membros em rela\u00e7\u00e3o \u00e0 elei\u00e7\u00e3o, Ramos sempre deixou claro de que lado estava. A amigos chegou a confidenciar que recebeu internamente alguns &#8220;pux\u00f5es de orelha&#8221;, por ser menos discreto do que deveria.&nbsp;<\/p>\n\n\n\n<p>Nos encontros nas emissoras, segundos relatos, o general apresentava uma preocupa\u00e7\u00e3o espec\u00edfica: de que as urnas fossem fraudadas e, com isso, o resultado da elei\u00e7\u00e3o fosse comprometido.&nbsp;<\/p>\n\n\n\n<p>Em algumas ocasi\u00f5es, pediu ajuda aos executivos nesse sentido, com a atua\u00e7\u00e3o dos meios de comunica\u00e7\u00e3o, caso houvesse necessidade.&nbsp;<\/p>\n\n\n\n<p>Ap\u00f3s o atentado contra Bolsonaro, em 26 de setembro, a rela\u00e7\u00e3o entre os dois ficou ainda mais intensa, assim como o envolvimento do general com a campanha \u2013o que ele sempre negou.&nbsp;<\/p>\n\n\n\n<p>Sob a justificativa de que havia sido vetado por seus m\u00e9dicos, o ent\u00e3o candidato do PSL n\u00e3o participou dos debates eleitorais, ainda em recupera\u00e7\u00e3o pela facada que o atingiu.<\/p>\n\n\n\n<p>No dia do debate da TV Globo, o \u00faltimo do primeiro turno, em ?4 de outubro?, no entanto, Bolsonaro acertou com a TV Record uma exclusiva, ao Jornal da Record, em hor\u00e1rio muito pr\u00f3ximo ao encontro dos candidatos no canal concorrente. Ramos foi um dos que mais trabalhou para a entrevista ocorrer.&nbsp;<\/p>\n\n\n\n<p>A boa rela\u00e7\u00e3o com emissoras, por\u00e9m, n\u00e3o era exatamente equ\u00e2nime. Sobre a Globo, por exemplo, sempre confidenciava a pessoas pr\u00f3ximas que tinha restri\u00e7\u00f5es.&nbsp;<\/p>\n\n\n\n<p>Durante a corrida presidencial, fez uma s\u00e9rie de cr\u00edticas ao grupo, reclamando de dados que eram apresentados sobre as chances de Bolsonaro, por exemplo.&nbsp;<\/p>\n\n\n\n<p>Nesse sentido, a proximidade com o ent\u00e3o candidato s\u00f3 crescia. O general sempre fazia eco, quando n\u00e3o era o primeiro a reclamar, de reportagens consideradas ruins sobre o pol\u00edtico, concordando em apelid\u00e1-las de &#8220;fake news&#8221;.&nbsp;<\/p>\n\n\n\n<p>O bom humor, dizem os parlamentares que convivem com Ramos, \u00e9 uma das principais caracter\u00edsticas do general.&nbsp;<\/p>\n\n\n\n<p>No Planalto, aliados de Bolsonaro afirmam que, dentre tantos atritos com Santos Cruz, o presidente sempre relatava inc\u00f4modo com a dificuldade de o agora ex-ministro dar um sorriso.<\/p>\n\n\n\n<p>QUEM \u00c9 O GENERAL LUIZ EDUARDO RAMOS BATISTA PEREIRA, QUE ASSUMIR\u00c1 A SECRETARIA DE GOVERNO&nbsp; &nbsp;<\/p>\n\n\n\n<p>Chefe do Comando Militar do Sudeste desde maio de 2018, comandou a Miss\u00e3o das Na\u00e7\u00f5es Unidas para a Estabiliza\u00e7\u00e3o no Haiti (Minustah) de 2011 a 2012. Tamb\u00e9m j\u00e1 foi vice-chefe de Estado-Maior do Ex\u00e9rcito e comandou a 11\u00aa Regi\u00e3o Militar, em Bras\u00edlia, e a 1\u00aa Divis\u00e3o de Ex\u00e9rcito, no Rio de Janeiro (RJ).<\/p>\n\n\n\n<p>Em abril, Bolsonaro participou de uma solenidade no Comando Militar do Sudeste, em S\u00e3o Paulo, ao lado de Ramos e falou sobre a conviv\u00eancia com o novo ministro em uma unidade em Campinas : &#8220;Meu amigo dos idos 1973, quando sentamos pra\u00e7a em mar\u00e7o de 73, na Escola Preparat\u00f3ria de Cadetes do Ex\u00e9rcito.&#8221;<\/p>\n\n\n\n<p>&#8220;Pouca coisa mudou entre n\u00f3s de l\u00e1 para c\u00e1 a n\u00e3o ser a nossa silhueta. A vontade, o esp\u00edrito e o patriotismo continuam os mesmos.&#8221;<\/p>\n\n\n\n<p>Como a Folha de S.Paulo mostrou na sexta (14), a rela\u00e7\u00e3o dos dois no Ex\u00e9rcito era pr\u00f3xima. Eles dividiram quarto quando cadetes. Nas conversas dos dois, o presidente \u00e9 o &#8220;caval\u00e3o&#8221; e Ramos, o &#8220;pitbull&#8221;. Hoje, Ramos est\u00e1 em praticamente todos os eventos de Bolsonaro em S\u00e3o Paulo.<\/p>\n","protected":false},"excerpt":{"rendered":"<p>Mais novo ministro de Jair Bolsonaro, o general Luiz Eduardo Ramos (Secretaria de Governo), conhecido como uma esp\u00e9cie de rela\u00e7\u00f5es p\u00fablicas do Ex\u00e9rcito e tamb\u00e9m&hellip; <\/p>\n","protected":false},"author":1,"featured_media":100631,"comment_status":"closed","ping_status":"closed","sticky":false,"template":"","format":"standard","meta":{"sfsi_plus_gutenberg_text_before_share":"","sfsi_plus_gutenberg_show_text_before_share":"","sfsi_plus_gutenberg_icon_type":"","sfsi_plus_gutenberg_icon_alignemt":"","sfsi_plus_gutenburg_max_per_row":"","footnotes":""},"categories":[11],"tags":[],"class_list":["post-100630","post","type-post","status-publish","format-standard","has-post-thumbnail","hentry","category-politica"],"_links":{"self":[{"href":"https:\/\/www.caririemacao.com\/1\/wp-json\/wp\/v2\/posts\/100630","targetHints":{"allow":["GET"]}}],"collection":[{"href":"https:\/\/www.caririemacao.com\/1\/wp-json\/wp\/v2\/posts"}],"about":[{"href":"https:\/\/www.caririemacao.com\/1\/wp-json\/wp\/v2\/types\/post"}],"author":[{"embeddable":true,"href":"https:\/\/www.caririemacao.com\/1\/wp-json\/wp\/v2\/users\/1"}],"replies":[{"embeddable":true,"href":"https:\/\/www.caririemacao.com\/1\/wp-json\/wp\/v2\/comments?post=100630"}],"version-history":[{"count":1,"href":"https:\/\/www.caririemacao.com\/1\/wp-json\/wp\/v2\/posts\/100630\/revisions"}],"predecessor-version":[{"id":100632,"href":"https:\/\/www.caririemacao.com\/1\/wp-json\/wp\/v2\/posts\/100630\/revisions\/100632"}],"wp:featuredmedia":[{"embeddable":true,"href":"https:\/\/www.caririemacao.com\/1\/wp-json\/wp\/v2\/media\/100631"}],"wp:attachment":[{"href":"https:\/\/www.caririemacao.com\/1\/wp-json\/wp\/v2\/media?parent=100630"}],"wp:term":[{"taxonomy":"category","embeddable":true,"href":"https:\/\/www.caririemacao.com\/1\/wp-json\/wp\/v2\/categories?post=100630"},{"taxonomy":"post_tag","embeddable":true,"href":"https:\/\/www.caririemacao.com\/1\/wp-json\/wp\/v2\/tags?post=100630"}],"curies":[{"name":"wp","href":"https:\/\/api.w.org\/{rel}","templated":true}]}}