{"id":100638,"date":"2019-06-17T13:27:27","date_gmt":"2019-06-17T16:27:27","guid":{"rendered":"http:\/\/www.caririemacao.com\/1\/?p=100638"},"modified":"2019-06-17T13:27:27","modified_gmt":"2019-06-17T16:27:27","slug":"moto-e-tomada-por-assaltantes-em-sume","status":"publish","type":"post","link":"https:\/\/www.caririemacao.com\/1\/2019\/06\/17\/moto-e-tomada-por-assaltantes-em-sume\/","title":{"rendered":"Moto \u00e9 tomada por assaltantes em Sum\u00e9"},"content":{"rendered":"\n<p>Uma moto foi tomada por assaltantes no Munic\u00edpio de Sum\u00e9, nesta segunda-feira(17\/06), mais precisamente no Mercado P\u00fablico.<br><\/p>\n\n\n\n<p>A moto de placa QIJ 0525, Santa Cruz do Capibaribe -PE, ano 96, de cor azul, modelo CG Titan 125, com encaixe de reboque, pertencente a Vando irm\u00e3o Z\u00e9 Batista da Pitombeira.<\/p>\n\n\n\n<p>De acordo com informa\u00e7\u00f5es apurada pela reportagem da 95 FM Sum\u00e9, d\u00e3o conta que a Pol\u00edcia Militar j\u00e1 est\u00e1 fazendo dilig\u00eancias.<\/p>\n\n\n\n<p>Com informa\u00e7\u00f5es de Jacquelline Oliveira<\/p>\n","protected":false},"excerpt":{"rendered":"<p>Uma moto foi tomada por assaltantes no Munic\u00edpio de Sum\u00e9, nesta segunda-feira(17\/06), mais precisamente no Mercado P\u00fablico. A moto de placa QIJ 0525, Santa Cruz&hellip; <\/p>\n","protected":false},"author":1,"featured_media":100639,"comment_status":"closed","ping_status":"closed","sticky":false,"template":"","format":"standard","meta":{"sfsi_plus_gutenberg_text_before_share":"","sfsi_plus_gutenberg_show_text_before_share":"","sfsi_plus_gutenberg_icon_type":"","sfsi_plus_gutenberg_icon_alignemt":"","sfsi_plus_gutenburg_max_per_row":"","footnotes":""},"categories":[50,12],"tags":[],"class_list":["post-100638","post","type-post","status-publish","format-standard","has-post-thumbnail","hentry","category-destaque","category-policia"],"_links":{"self":[{"href":"https:\/\/www.caririemacao.com\/1\/wp-json\/wp\/v2\/posts\/100638","targetHints":{"allow":["GET"]}}],"collection":[{"href":"https:\/\/www.caririemacao.com\/1\/wp-json\/wp\/v2\/posts"}],"about":[{"href":"https:\/\/www.caririemacao.com\/1\/wp-json\/wp\/v2\/types\/post"}],"author":[{"embeddable":true,"href":"https:\/\/www.caririemacao.com\/1\/wp-json\/wp\/v2\/users\/1"}],"replies":[{"embeddable":true,"href":"https:\/\/www.caririemacao.com\/1\/wp-json\/wp\/v2\/comments?post=100638"}],"version-history":[{"count":1,"href":"https:\/\/www.caririemacao.com\/1\/wp-json\/wp\/v2\/posts\/100638\/revisions"}],"predecessor-version":[{"id":100640,"href":"https:\/\/www.caririemacao.com\/1\/wp-json\/wp\/v2\/posts\/100638\/revisions\/100640"}],"wp:featuredmedia":[{"embeddable":true,"href":"https:\/\/www.caririemacao.com\/1\/wp-json\/wp\/v2\/media\/100639"}],"wp:attachment":[{"href":"https:\/\/www.caririemacao.com\/1\/wp-json\/wp\/v2\/media?parent=100638"}],"wp:term":[{"taxonomy":"category","embeddable":true,"href":"https:\/\/www.caririemacao.com\/1\/wp-json\/wp\/v2\/categories?post=100638"},{"taxonomy":"post_tag","embeddable":true,"href":"https:\/\/www.caririemacao.com\/1\/wp-json\/wp\/v2\/tags?post=100638"}],"curies":[{"name":"wp","href":"https:\/\/api.w.org\/{rel}","templated":true}]}}