{"id":100644,"date":"2019-06-17T13:49:46","date_gmt":"2019-06-17T16:49:46","guid":{"rendered":"http:\/\/www.caririemacao.com\/1\/?p=100644"},"modified":"2019-06-17T13:49:46","modified_gmt":"2019-06-17T16:49:46","slug":"animacao-e-muito-forro-marcam-final-de-semana-do-sao-joao-de-sume","status":"publish","type":"post","link":"https:\/\/www.caririemacao.com\/1\/2019\/06\/17\/animacao-e-muito-forro-marcam-final-de-semana-do-sao-joao-de-sume\/","title":{"rendered":"Anima\u00e7\u00e3o e muito forr\u00f3 marcam final de semana do S\u00e3o Jo\u00e3o de Sum\u00e9"},"content":{"rendered":"\n<p>Depois de muita expectativa, come\u00e7ou o S\u00e3o Jo\u00e3o Tradi\u00e7\u00e3o de Sum\u00e9, na noite de sexta-feira (14), as ruas de Sum\u00e9 foram tomadas pela segunda edi\u00e7\u00e3o da Namoradrilha 2019, sumeenses sa\u00edram nas principais vias em clima de muita alegria ao som de Felipe Warley. Na pra\u00e7a Jos\u00e9 Am\u00e9rico, a grande atra\u00e7\u00e3o foi Ramon Schnyder, que com um report\u00f3rio animado fez a alegria do p\u00fablico presente.<\/p>\n\n\n\n<p>Sum\u00e9 vivenciou na noite de s\u00e1bado (15) mais um grande momento em seu S\u00e3o Jo\u00e3o com duas atra\u00e7\u00f5es que fizeram os forrozeiros dan\u00e7ar o aut\u00eantico forr\u00f3. Com repert\u00f3rio diversificado, Forr\u00f3 D2 foi a primeira atra\u00e7\u00e3o a subir no palco com os seus tradicionais membros Deda Silva (vocalista) e Hedran Barreto (sanfoneiro).<\/p>\n\n\n\n<p>Fechando a noite, foi a vez de um dos maiores sanfoneiros do Brasil, de volta a Sum\u00e9, Waldonys mostrou que valeu a pena repetir a dose, trazendo em seu trabalho o amor \u00e0s ra\u00edzes nordestinas.<\/p>\n\n\n\n<p>No domingo (17), aconteceu mais uma noite de shows na Pra\u00e7a Jos\u00e9 Am\u00e9rico com Adriano Silva e K\u00e1tia Cilene se apresentaram no palco principal do Arraial Z\u00e9 Marcolino.<\/p>\n\n\n\n<p>Finalizando o terceiro dia, a cantora K\u00e1tia Cilene levou ao palco um show com m\u00fasicas rom\u00e2nticas, fazendo da festa uma noite para ficar na hist\u00f3ria, agradando uma multid\u00e3o que estava na pra\u00e7a.<\/p>\n\n\n\n<p>A programa\u00e7\u00e3o do S\u00e3o Jo\u00e3o de Sum\u00e9 segue durante a semana com quadrilhas nas ruas e forr\u00f3 p\u00e9 de serra no Arraial Z\u00e9 Marcolino. Nesta segunda-feira (17), \u00e0s 19h30 se apresenta o grupo de dan\u00e7a Acau\u00e3 da Serra, em seguida forr\u00f3 p\u00e9 de serra no palco do Arraial Z\u00e9 Marcolino com Nascimento Filho e Dagmar.<\/p>\n\n\n\n<p>Os shows no palco principal retornam no pr\u00f3ximo final de semana.<\/p>\n\n\n\n<p>21\/06 &#8211; Gente Boa e Fl\u00e1vio Leandro<br>22\/06 &#8211; Dejinha de Monteiro e Irah Caldeira<br>23\/06 &#8211; Os Gonzagas e Forr\u00f3 Kent<\/p>\n\n\n\n<p>Ascom PMS<\/p>\n","protected":false},"excerpt":{"rendered":"<p>Depois de muita expectativa, come\u00e7ou o S\u00e3o Jo\u00e3o Tradi\u00e7\u00e3o de Sum\u00e9, na noite de sexta-feira (14), as ruas de Sum\u00e9 foram tomadas pela segunda edi\u00e7\u00e3o&hellip; <\/p>\n","protected":false},"author":1,"featured_media":100645,"comment_status":"closed","ping_status":"closed","sticky":false,"template":"","format":"standard","meta":{"sfsi_plus_gutenberg_text_before_share":"","sfsi_plus_gutenberg_show_text_before_share":"","sfsi_plus_gutenberg_icon_type":"","sfsi_plus_gutenberg_icon_alignemt":"","sfsi_plus_gutenburg_max_per_row":"","footnotes":""},"categories":[2],"tags":[],"class_list":["post-100644","post","type-post","status-publish","format-standard","has-post-thumbnail","hentry","category-geral"],"_links":{"self":[{"href":"https:\/\/www.caririemacao.com\/1\/wp-json\/wp\/v2\/posts\/100644","targetHints":{"allow":["GET"]}}],"collection":[{"href":"https:\/\/www.caririemacao.com\/1\/wp-json\/wp\/v2\/posts"}],"about":[{"href":"https:\/\/www.caririemacao.com\/1\/wp-json\/wp\/v2\/types\/post"}],"author":[{"embeddable":true,"href":"https:\/\/www.caririemacao.com\/1\/wp-json\/wp\/v2\/users\/1"}],"replies":[{"embeddable":true,"href":"https:\/\/www.caririemacao.com\/1\/wp-json\/wp\/v2\/comments?post=100644"}],"version-history":[{"count":1,"href":"https:\/\/www.caririemacao.com\/1\/wp-json\/wp\/v2\/posts\/100644\/revisions"}],"predecessor-version":[{"id":100646,"href":"https:\/\/www.caririemacao.com\/1\/wp-json\/wp\/v2\/posts\/100644\/revisions\/100646"}],"wp:featuredmedia":[{"embeddable":true,"href":"https:\/\/www.caririemacao.com\/1\/wp-json\/wp\/v2\/media\/100645"}],"wp:attachment":[{"href":"https:\/\/www.caririemacao.com\/1\/wp-json\/wp\/v2\/media?parent=100644"}],"wp:term":[{"taxonomy":"category","embeddable":true,"href":"https:\/\/www.caririemacao.com\/1\/wp-json\/wp\/v2\/categories?post=100644"},{"taxonomy":"post_tag","embeddable":true,"href":"https:\/\/www.caririemacao.com\/1\/wp-json\/wp\/v2\/tags?post=100644"}],"curies":[{"name":"wp","href":"https:\/\/api.w.org\/{rel}","templated":true}]}}