{"id":100654,"date":"2019-06-17T15:03:21","date_gmt":"2019-06-17T18:03:21","guid":{"rendered":"http:\/\/www.caririemacao.com\/1\/?p=100654"},"modified":"2019-06-17T15:03:21","modified_gmt":"2019-06-17T18:03:21","slug":"em-arcoverde-homem-com-foice-reage-a-abordagem-policial-e-acaba-morto","status":"publish","type":"post","link":"https:\/\/www.caririemacao.com\/1\/2019\/06\/17\/em-arcoverde-homem-com-foice-reage-a-abordagem-policial-e-acaba-morto\/","title":{"rendered":"EM ARCOVERDE: homem com foice reage a abordagem policial e acaba morto"},"content":{"rendered":"\n<p>Neste domingo, dia 16, Durante a realiza\u00e7\u00e3o da Opera\u00e7\u00e3o de Combate ao CVLI em Arcoverde, o Graduado de Opera\u00e7\u00f5es com a Equipe da Rocam avistou o imputado, um homem de 21 anos de idade, em atitude suspeita e ao perceber a aproxima\u00e7\u00e3o do policiamento tentou acelerar a caminhada, desobedeceu \u00e0 ordem de parada e fugiu correndo vindo a se desequilibrar e cair nos primeiros 100 metros.<\/p>\n\n\n\n<p>O imputado se levantou e continuou correndo sentido a rodovi\u00e1ria, segurando uma arma sob a manga comprida do blus\u00e3o.<\/p>\n\n\n\n<p>O policiamento conseguiu alcan\u00e7ar o imputado na lateral do terminal rodovi\u00e1rio, momento em que ele jogou a arma no ch\u00e3o (rev\u00f3lver taurus special com numera\u00e7\u00e3o n\u00e3o localizada) e correu em sentido contr\u00e1rio, sendo alcan\u00e7ado e detido.<\/p>\n\n\n\n<p>O imputado portava tamb\u00e9m 01 (um) papelote de maconha e 01 (um) papelote de coca\u00edna. Na delegacia foi realizada uma abordagem minuciosa, onde foi localizado mais um papelote de maconha no xadrez da viatura e R$ 160,00 (cento de sessenta reais) em c\u00e9dulas de 50 e 20 reais.<\/p>\n\n\n\n<p>Ap\u00f3s o exame traumatol\u00f3gico o imputado foi apresentado na DP local onde foi autuado em flagrante delito e aguarda audi\u00eancia de cust\u00f3dia.<\/p>\n\n\n\n<p><strong>AINDA EM ARCOVERDE DOIS HOMEM S\u00c3O LEVADOS A DELEGACIA ARMADOS COM ARMA BRANCA E POR DESORDEM<\/strong><\/p>\n\n\n\n<p>Ainda em Arcoverde as Equipes do Tr\u00e2nsito e Rocam foram acionadas pela central de opera\u00e7\u00f5es para se deslocar at\u00e9 a Rua Carlos Alberto de Barros, S\u00e3o Cristov\u00e3o, Arcoverde, mas no deslocamento se depararam com os envolvidos na ocorr\u00eancia na Rua Dr. Leonardo Arcoverde.<\/p>\n\n\n\n<p>Um dos envolvido de 28 anos de idade, vinha \u00e0 frente do outro envolvido de 25 anos de idade, sendo que o primeiro estava com uma foice e o segundo com um punhal dentro do sapato, e segundo eles s\u00e3o irm\u00e3os.<\/p>\n\n\n\n<p>Afirmaram ainda que teriam discutido na casa onde vivem. Diante do exposto, foram encaminhados a DP local onde foi lavrado um TCO para cada um deles.<\/p>\n\n\n\n<p><strong>EM ARCOVERDE HOMEM COM UMA FOICE INVESTE CONTRA POLICIAL EM ABORDAGEM E \u00c9 MORTO<\/strong><\/p>\n\n\n\n<p>A GT POL\u00cdGONO\/PJES passava pela : BR 232, KM 265, Arcoverde , quando presenciou o imputado, um homem de 60 anos de idade, armado com uma foice discutindo com a testemunha acima citado, tamb\u00e9m morador daquela localidade, fazendo gestos amea\u00e7adores com a referida foice.<\/p>\n\n\n\n<p>De imediato o efetivo desembarcou e passou a dialogar com o imputado para que esta largasse a foice.<\/p>\n\n\n\n<p>O mesmo, muito agressivo n\u00e3o obedeceu \u00e0 ordem legal do policiamento e investiu contra o policial militar 01, tentando atingi-lo com a foice, enquanto o policial tentava se desvencilhar, o qual se desequilibrou e caiu.<\/p>\n\n\n\n<p>Neste momento, o policiamento reagiu \u00e0 injusta agress\u00e3o e efetuaram alguns disparos contra o imputado, que foi atingido na perna e abd\u00f4men.<\/p>\n\n\n\n<p>O imputado foi socorrido at\u00e9 o hospital Regional de Arcoverde, por\u00e9m n\u00e3o resistiu aos ferimentos e veio a \u00f3bito.<\/p>\n\n\n\n<p>A ocorr\u00eancia foi apresentada na delegacia de plant\u00e3o de Arcoverde, e est\u00e1 sendo acompanhada pelo Oficial de Opera\u00e7\u00f5es.<\/p>\n\n\n\n<p>O policiamento e as testemunhas foram ouvidos pela autoridade policial. Adiantando ainda, as testemunhas enfatizaram que o envolvido sofria de dist\u00farbios mentais, bem como foi lavrado o auto de resist\u00eancia, e o Delegado elencar\u00e1 nos autos a leg\u00edtima defesa por parte do policiamento.<\/p>\n\n\n\n<p><strong>EM ARCOVERDE ACIDENTE DE TRANSITO, AMEA\u00c7A E PORTE ILEGAL DE ARMA DE FOGO<\/strong><\/p>\n\n\n\n<p>A GT 3112 em rondas e abordagens foi solicitada por populares que o imputado, um homem de idade n\u00e3o informada, havia causado um acidente de transito, e ao ser abordado, foi encontrada com mesmo uma muni\u00e7\u00e3o de revolver 38, apresentava sinais e sintomas de embriaguez e ao ser indagado afirmou que havia ingerido bebida alco\u00f3lica.<\/p>\n\n\n\n<p>O imputado estava lesionado na testa e sangrando, antes de ser socorrido, o efetivo do tr\u00e2nsito chegou ao local e encontrou uma arma de fogo tipo garrucha dentro do canal, que segundo a testemunha o imputado tinha o amea\u00e7ado e depois a jogou.<\/p>\n\n\n\n<p>Diante dos fatos as partes envolvidas foram conduzidas a DP local, onde o imputado foi autuado em flagrante delito e posteriormente liberado ap\u00f3s pagamento de fian\u00e7a.<\/p>\n\n\n\n<p><strong>ROUBO E AMEA\u00c7A EM ARCOVERDE<\/strong><\/p>\n\n\n\n<p>A GT 3111 foi acionada pela filha da vitima informando que a imputada, uma mulher de idade n\u00e3o informada, teria agredido a v\u00edtima, um homem de 63 anos de idade, para roubar um aparelho de som e um botij\u00e3o de g\u00e1s.<\/p>\n\n\n\n<p>O policiamento se deslocou para o local, na&nbsp;Rua 04, COHAB II, Arcoverde \u2013 PE., onde a companheira da imputada informou que haviam se separado na noite anterior e n\u00e3o sabia o paradeiro da imputada.<\/p>\n\n\n\n<p>Dilig\u00eancias foram realizadas e populares informaram que a envolvida poderia estar na casa de sua genitora, chegando ao local foi informado que a mesma teria fugido pulando os muros das resid\u00eancias.<\/p>\n\n\n\n<p>A ocorr\u00eancia foi registrada na DP local e a v\u00edtima permanece hospitalizada aguardando alta m\u00e9dica.<\/p>\n\n\n\n<p><strong>ARCOVERDE: HOMEM \u00c9 PRESO POR POSSE ILEGAL DE ARMA DE FOGO<\/strong><\/p>\n\n\n\n<p>A Equipe da Rocam foi acionada pela central de opera\u00e7\u00f5es do 3\u00b0BPM para se deslocar at\u00e9 a&nbsp;Rua Venezuela, JK, Arcoverde, onde um indiv\u00edduo estava portando uma arma de fogo e amea\u00e7ando populares.<\/p>\n\n\n\n<p>Chegando ao local, localizaram o envolvido sentado na cal\u00e7ada da casa vizinha a sua, momento em que procederam com a revista pessoal, mas nenhum objeto il\u00edcito foi localizado, ap\u00f3s indagar o imputado sobre a arma de fogo, o mesmo afirmou possuir uma espingarda soca-soca no interior de sua resid\u00eancia.<\/p>\n\n\n\n<p>Seguindo ao local, localizaram a referida arma em um dos c\u00f4modos da casa. O imputado foi conduzido a DP local, sendo autuado em flagrante delito e aguarda audi\u00eancia de cust\u00f3dia, j\u00e1 que n\u00e3o tem como pagar fian\u00e7a.<\/p>\n\n\n\n<p><strong>TIO ESFAQUEIA SOBRINHO TENTATIVA DE HOMIC\u00cdDIO EM ARCOVERDE<\/strong><\/p>\n\n\n\n<p>A GT de Opera\u00e7\u00f5es foi acionada pela Central de Opera\u00e7\u00f5es para averiguar uma poss\u00edvel agress\u00e3o por arma branca na Pra\u00e7a da Bandeira.<\/p>\n\n\n\n<p>Quando a viatura chegou ao local populares apontaram o imputado, um idoso de 65 anos de idade, como o agressor, que ao ser abordado foi encontrado em seu poder uma faca peixeira.<\/p>\n\n\n\n<p>A ocorr\u00eancia foi encaminhada a DP local, que ao chegarem La foram informados que a vitima, um homem de 38 anos de idade \u00e9 sobrinho do imputado e encontrava-se no Hospital Regional de Arcoverde, e ap\u00f3s o atendimento apresentou-se na delegacia para serem feitos os procedimentos legais cab\u00edveis.<\/p>\n\n\n\n<p>O imputado foi autuado em flagrante delito e posteriormente ser\u00e1 apresentado a audi\u00eancia de custodia.<\/p>\n","protected":false},"excerpt":{"rendered":"<p>Neste domingo, dia 16, Durante a realiza\u00e7\u00e3o da Opera\u00e7\u00e3o de Combate ao CVLI em Arcoverde, o Graduado de Opera\u00e7\u00f5es com a Equipe da Rocam avistou&hellip; <\/p>\n","protected":false},"author":1,"featured_media":15928,"comment_status":"closed","ping_status":"closed","sticky":false,"template":"","format":"standard","meta":{"sfsi_plus_gutenberg_text_before_share":"","sfsi_plus_gutenberg_show_text_before_share":"","sfsi_plus_gutenberg_icon_type":"","sfsi_plus_gutenberg_icon_alignemt":"","sfsi_plus_gutenburg_max_per_row":"","footnotes":""},"categories":[12],"tags":[],"class_list":["post-100654","post","type-post","status-publish","format-standard","has-post-thumbnail","hentry","category-policia"],"_links":{"self":[{"href":"https:\/\/www.caririemacao.com\/1\/wp-json\/wp\/v2\/posts\/100654","targetHints":{"allow":["GET"]}}],"collection":[{"href":"https:\/\/www.caririemacao.com\/1\/wp-json\/wp\/v2\/posts"}],"about":[{"href":"https:\/\/www.caririemacao.com\/1\/wp-json\/wp\/v2\/types\/post"}],"author":[{"embeddable":true,"href":"https:\/\/www.caririemacao.com\/1\/wp-json\/wp\/v2\/users\/1"}],"replies":[{"embeddable":true,"href":"https:\/\/www.caririemacao.com\/1\/wp-json\/wp\/v2\/comments?post=100654"}],"version-history":[{"count":1,"href":"https:\/\/www.caririemacao.com\/1\/wp-json\/wp\/v2\/posts\/100654\/revisions"}],"predecessor-version":[{"id":100655,"href":"https:\/\/www.caririemacao.com\/1\/wp-json\/wp\/v2\/posts\/100654\/revisions\/100655"}],"wp:featuredmedia":[{"embeddable":true,"href":"https:\/\/www.caririemacao.com\/1\/wp-json\/wp\/v2\/media\/15928"}],"wp:attachment":[{"href":"https:\/\/www.caririemacao.com\/1\/wp-json\/wp\/v2\/media?parent=100654"}],"wp:term":[{"taxonomy":"category","embeddable":true,"href":"https:\/\/www.caririemacao.com\/1\/wp-json\/wp\/v2\/categories?post=100654"},{"taxonomy":"post_tag","embeddable":true,"href":"https:\/\/www.caririemacao.com\/1\/wp-json\/wp\/v2\/tags?post=100654"}],"curies":[{"name":"wp","href":"https:\/\/api.w.org\/{rel}","templated":true}]}}