{"id":100660,"date":"2019-06-17T15:22:15","date_gmt":"2019-06-17T18:22:15","guid":{"rendered":"http:\/\/www.caririemacao.com\/1\/?p=100660"},"modified":"2019-06-17T15:22:15","modified_gmt":"2019-06-17T18:22:15","slug":"maia-informa-sobre-possivel-data-para-a-analise-da-reforma-da-previdencia","status":"publish","type":"post","link":"https:\/\/www.caririemacao.com\/1\/2019\/06\/17\/maia-informa-sobre-possivel-data-para-a-analise-da-reforma-da-previdencia\/","title":{"rendered":"Maia informa sobre poss\u00edvel data para a an\u00e1lise da reforma da Previd\u00eancia"},"content":{"rendered":"\n<p>O presidente da C\u00e2mara dos Deputados, Rodrigo Maia (DEM-RJ), disse hoje (17) que a reforma da Previd\u00eancia pode ser aprovada pela comiss\u00e3o especial que analisa o tema at\u00e9 o pr\u00f3ximo dia 26.<\/p>\n\n\n\n<p>O parecer do relator da proposta de emenda \u00e0 Constitui\u00e7\u00e3o (PEC) na comiss\u00e3o especial da C\u00e2mara, Samuel Moreira (PSDB-SP), foi lido na \u00faltima quinta-feira (13).<\/p>\n\n\n\n<p>O texto foi criticado pelo ministro da Economia, Paulo Guedes, segundo o qual, as altera\u00e7\u00f5es feitas na proposta inicial enviada pelo governo podem \u201cabortar\u201d a reforma.<\/p>\n\n\n\n<p>Para o ministro, entre os principais problemas, est\u00e3o as mudan\u00e7as nas regras de transi\u00e7\u00e3o que reduziram substancialmente a economia projetada.<\/p>\n\n\n\n<p>Rodrigo Maia disse que o posicionamento de Guedes teve efeito positivo. \u201cA fala uniu o Parlamento, nos deu chance de estar mais pr\u00f3ximos dos governadores e prefeitos. Tem crises ou cr\u00edticas que v\u00eam para bem. Essa \u00e9 uma delas. Fortaleceu a certeza [de] que a C\u00e2mara e o Senado podem ter neste momento o papel [de] protagonista que nunca tiveram nos \u00faltimos 20 anos\u201d, afirmou o presidente da C\u00e2mara depois de participar de um evento sobre transpar\u00eancias promovido pelo Grupo Bandeirantes.<\/p>\n\n\n\n<p>Joaquim Levy<br>Maia comentou a demiss\u00e3o do presidente do Banco Nacional de Desenvolvimento Econ\u00f4mico e Social (BNDES), Joaquim Levy. Ele pediu para deixar o cargo ontem (16) ap\u00f3s ser criticado pelo presidente Jair Bolsonaro.<\/p>\n\n\n\n<p>Segundo Bolsonaro, o motivo do descontentamento com Levy foi a nomea\u00e7\u00e3o do advogado Marcos Barbosa Pinto para o cargo de diretor de Mercado de Capitais do BNDES.<\/p>\n\n\n\n<p>O presidente da C\u00e2mara defendeu Levy e Barbosa. \u201cQueria que o Marcos Pinto pudesse ser aproveitado em uma \u00e1rea de um debate importante sobre economia com vi\u00e9s social. Ele \u00e9 um dos melhores do Brasil nessa \u00e1rea. Demitir faz parte da vida, \u00e9 um direito do governo, mas da forma como foi feito, criou suspei\u00e7\u00e3o sobre o Marcos Pinto. Esse advogado que foi demitido do BNDES \u00e9 um dos quadros que mais entendem de pol\u00edtica econ\u00f4mica do ponto de vista social no Brasil\u201d, ressaltou Maia, que elogiou a trajet\u00f3ria de ambos e os servi\u00e7os que prestaram ao pa\u00eds.<\/p>\n","protected":false},"excerpt":{"rendered":"<p>O presidente da C\u00e2mara dos Deputados, Rodrigo Maia (DEM-RJ), disse hoje (17) que a reforma da Previd\u00eancia pode ser aprovada pela comiss\u00e3o especial que analisa&hellip; <\/p>\n","protected":false},"author":1,"featured_media":95622,"comment_status":"closed","ping_status":"closed","sticky":false,"template":"","format":"standard","meta":{"sfsi_plus_gutenberg_text_before_share":"","sfsi_plus_gutenberg_show_text_before_share":"","sfsi_plus_gutenberg_icon_type":"","sfsi_plus_gutenberg_icon_alignemt":"","sfsi_plus_gutenburg_max_per_row":"","footnotes":""},"categories":[11],"tags":[],"class_list":["post-100660","post","type-post","status-publish","format-standard","has-post-thumbnail","hentry","category-politica"],"_links":{"self":[{"href":"https:\/\/www.caririemacao.com\/1\/wp-json\/wp\/v2\/posts\/100660","targetHints":{"allow":["GET"]}}],"collection":[{"href":"https:\/\/www.caririemacao.com\/1\/wp-json\/wp\/v2\/posts"}],"about":[{"href":"https:\/\/www.caririemacao.com\/1\/wp-json\/wp\/v2\/types\/post"}],"author":[{"embeddable":true,"href":"https:\/\/www.caririemacao.com\/1\/wp-json\/wp\/v2\/users\/1"}],"replies":[{"embeddable":true,"href":"https:\/\/www.caririemacao.com\/1\/wp-json\/wp\/v2\/comments?post=100660"}],"version-history":[{"count":1,"href":"https:\/\/www.caririemacao.com\/1\/wp-json\/wp\/v2\/posts\/100660\/revisions"}],"predecessor-version":[{"id":100661,"href":"https:\/\/www.caririemacao.com\/1\/wp-json\/wp\/v2\/posts\/100660\/revisions\/100661"}],"wp:featuredmedia":[{"embeddable":true,"href":"https:\/\/www.caririemacao.com\/1\/wp-json\/wp\/v2\/media\/95622"}],"wp:attachment":[{"href":"https:\/\/www.caririemacao.com\/1\/wp-json\/wp\/v2\/media?parent=100660"}],"wp:term":[{"taxonomy":"category","embeddable":true,"href":"https:\/\/www.caririemacao.com\/1\/wp-json\/wp\/v2\/categories?post=100660"},{"taxonomy":"post_tag","embeddable":true,"href":"https:\/\/www.caririemacao.com\/1\/wp-json\/wp\/v2\/tags?post=100660"}],"curies":[{"name":"wp","href":"https:\/\/api.w.org\/{rel}","templated":true}]}}