{"id":100664,"date":"2019-06-17T15:24:10","date_gmt":"2019-06-17T18:24:10","guid":{"rendered":"http:\/\/www.caririemacao.com\/1\/?p=100664"},"modified":"2019-06-17T15:24:10","modified_gmt":"2019-06-17T18:24:10","slug":"pm-da-paraiba-realizara-concurso-para-o-cargo-de-oficial","status":"publish","type":"post","link":"https:\/\/www.caririemacao.com\/1\/2019\/06\/17\/pm-da-paraiba-realizara-concurso-para-o-cargo-de-oficial\/","title":{"rendered":"PM da Para\u00edba realizar\u00e1 concurso para o cargo de oficial"},"content":{"rendered":"\n<p>A Pol\u00edcia Militar do Estado de Para\u00edba anuncia a todos sobre a realiza\u00e7\u00e3o novo Concurso P\u00fablico a fim de preencher 30 vagas no cargo de Oficial da PM \u2013 PB.<\/p>\n\n\n\n<p>Das oportunidades acima mencionadas, 25 s\u00e3o destinadas a candidatos do sexo masculino e cinco para mulheres, que tenham em ambos os casos conclu\u00eddo o ensino m\u00e9dio, e complete no ato da matr\u00edcula, 18 anos no m\u00ednimo e no m\u00e1ximo 32.<\/p>\n\n\n\n<p>Os candidatos devem ainda atender aos seguintes requisitos: ter descal\u00e7o e descoberto, altura m\u00ednima de 1,65, se do sexo masculino e de 1,60, se do sexo feminino.<\/p>\n\n\n\n<p>Somente podem participar deste certame \u00e0queles que estejam inscritos no Exame Nacional do Ensino M\u00e9dio (ENEM 2019).<\/p>\n\n\n\n<p>Os pedidos de participa\u00e7\u00e3o s\u00e3o recebidos a partir das 10h do dia 01 de julho de 2019 at\u00e9 \u00e0s 23h59 do dia 30 de julho de 2019, no site www.pm.pb.gov.br. H\u00e1 uma taxa no valor de R$ 50,00.<\/p>\n\n\n\n<p>Vale ressaltar que os Doadores de Sangue, Doadora regular de Leite Materno, e os Doadores de Medula \u00d3ssea podem solicitar isen\u00e7\u00e3o da taxa de inscri\u00e7\u00e3o seguindo os procedimentos indicados no edital de abertura.<\/p>\n\n\n\n<p>Este Concurso P\u00fablico \u00e9 composto de cinco fases, sendo:<\/p>\n\n\n\n<p>1\u00aa: Exame Intelectual \u2013 Provas Escritas ENEM 2019;<\/p>\n\n\n\n<p>2\u00aa Exame Psicol\u00f3gico;<\/p>\n\n\n\n<p>3\u00ba Exame de Sa\u00fade;<\/p>\n\n\n\n<p>4\u00aa Exame de Aptid\u00e3o F\u00edsica;<\/p>\n\n\n\n<p>5\u00aa Avalia\u00e7\u00e3o Social.<\/p>\n\n\n\n<p>Ser\u00e3o considerados habilitados os candidatos aprovados no Exame Intelectual e que estejam dentro do limite de cinco vezes o n\u00famero de vagas, conforme a quantidade estabelecida no edital. Estes profissionais ser\u00e3o convocados para as demais fases do certame.<\/p>\n\n\n\n<p>Os candidatos aprovados e classificados no Concurso, que apresentarem em tempo h\u00e1bil a documenta\u00e7\u00e3o exigida para a matr\u00edcula e forem considerados habilitados, ser\u00e3o matriculados no 1\u00ba Ano do Curso de Forma\u00e7\u00e3o de Oficiais da Pol\u00edcia Militar do Estado da Para\u00edba.<\/p>\n\n\n\n<p>Este curso acontecer\u00e1 no Centro de Educa\u00e7\u00e3o da PM \u2013 PB \u2013 Academia de Pol\u00edcia Militar do Cabo Branco, localizada na Rua Dr. Francisco de Assis Veloso, s\/n\u00ba, Mangabeira VII, na Capital, e ter\u00e1 dura\u00e7\u00e3o de tr\u00eas anos letivos, em tempo integral, regime de Dedica\u00e7\u00e3o Exclusiva.<\/p>\n\n\n\n<p>A remunera\u00e7\u00e3o paga ao profissional durante a realiza\u00e7\u00e3o do curso varia de R$ 2.924,89 a R$ 5.755,14. J\u00e1 a remunera\u00e7\u00e3o atual do primeiro posto de oficial da PM, que \u00e9 o 2\u00ba tenente, \u00e9 de R$ 7.253,26.<\/p>\n\n\n\n<p>Com validade de um m\u00eas contado a partir da primeira homologa\u00e7\u00e3o do resultado, este Concurso pode ser prorrogado por igual per\u00edodo, conforme determina o edital de abertura dispon\u00edvel em nosso site.<\/p>\n","protected":false},"excerpt":{"rendered":"<p>A Pol\u00edcia Militar do Estado de Para\u00edba anuncia a todos sobre a realiza\u00e7\u00e3o novo Concurso P\u00fablico a fim de preencher 30 vagas no cargo de&hellip; <\/p>\n","protected":false},"author":1,"featured_media":100665,"comment_status":"closed","ping_status":"closed","sticky":false,"template":"","format":"standard","meta":{"sfsi_plus_gutenberg_text_before_share":"","sfsi_plus_gutenberg_show_text_before_share":"","sfsi_plus_gutenberg_icon_type":"","sfsi_plus_gutenberg_icon_alignemt":"","sfsi_plus_gutenburg_max_per_row":"","footnotes":""},"categories":[50,2],"tags":[],"class_list":["post-100664","post","type-post","status-publish","format-standard","has-post-thumbnail","hentry","category-destaque","category-geral"],"_links":{"self":[{"href":"https:\/\/www.caririemacao.com\/1\/wp-json\/wp\/v2\/posts\/100664","targetHints":{"allow":["GET"]}}],"collection":[{"href":"https:\/\/www.caririemacao.com\/1\/wp-json\/wp\/v2\/posts"}],"about":[{"href":"https:\/\/www.caririemacao.com\/1\/wp-json\/wp\/v2\/types\/post"}],"author":[{"embeddable":true,"href":"https:\/\/www.caririemacao.com\/1\/wp-json\/wp\/v2\/users\/1"}],"replies":[{"embeddable":true,"href":"https:\/\/www.caririemacao.com\/1\/wp-json\/wp\/v2\/comments?post=100664"}],"version-history":[{"count":1,"href":"https:\/\/www.caririemacao.com\/1\/wp-json\/wp\/v2\/posts\/100664\/revisions"}],"predecessor-version":[{"id":100666,"href":"https:\/\/www.caririemacao.com\/1\/wp-json\/wp\/v2\/posts\/100664\/revisions\/100666"}],"wp:featuredmedia":[{"embeddable":true,"href":"https:\/\/www.caririemacao.com\/1\/wp-json\/wp\/v2\/media\/100665"}],"wp:attachment":[{"href":"https:\/\/www.caririemacao.com\/1\/wp-json\/wp\/v2\/media?parent=100664"}],"wp:term":[{"taxonomy":"category","embeddable":true,"href":"https:\/\/www.caririemacao.com\/1\/wp-json\/wp\/v2\/categories?post=100664"},{"taxonomy":"post_tag","embeddable":true,"href":"https:\/\/www.caririemacao.com\/1\/wp-json\/wp\/v2\/tags?post=100664"}],"curies":[{"name":"wp","href":"https:\/\/api.w.org\/{rel}","templated":true}]}}