{"id":100670,"date":"2019-06-17T15:26:36","date_gmt":"2019-06-17T18:26:36","guid":{"rendered":"http:\/\/www.caririemacao.com\/1\/?p=100670"},"modified":"2019-06-17T15:26:36","modified_gmt":"2019-06-17T18:26:36","slug":"joao-azevedo-anuncia-pagamento-da-primeira-parcela-do-13o-salario-para-esta-quarta-feira","status":"publish","type":"post","link":"https:\/\/www.caririemacao.com\/1\/2019\/06\/17\/joao-azevedo-anuncia-pagamento-da-primeira-parcela-do-13o-salario-para-esta-quarta-feira\/","title":{"rendered":"Jo\u00e3o Azev\u00eado anuncia pagamento da primeira parcela do 13\u00ba sal\u00e1rio para esta quarta-feira"},"content":{"rendered":"\n<p>O governador da Para\u00edba, Jo\u00e3o Azev\u00eado anunciou nesta segunda-feira (17), que o&nbsp;pagamento da primeira parcela do 13\u00ba sal\u00e1rio dos servidores estaduais ser\u00e1 efetuado nesta quarta-feira, 19 de junho. A informa\u00e7\u00e3o foi confirmada durante o programa Fala Governador.&nbsp;O gestor explicou que ser\u00e3o injetados cerca de R$ 180 milh\u00f5es na economia paraibana durante o per\u00edodo das festividades juninas.<\/p>\n\n\n\n<p>Jo\u00e3o destaca que a libera\u00e7\u00e3o desses pagamentos&nbsp;trar\u00e1 grande potencial para o com\u00e9rcio dessa \u00e9poca.&nbsp;\u201cEspero que os servidores fa\u00e7am o melhor uso poss\u00edvel desta parte do 13\u00ba sal\u00e1rio, ou seja, utilizem da forma mais adequada dentro das necessidades priorit\u00e1rias de cada um. Sabendo aproveitar as festividades juninas, mas tamb\u00e9m guardando em uma poupan\u00e7a, pois \u00e9 sempre bom poupar\u201d, observou o governador Jo\u00e3o Azev\u00eado.<\/p>\n","protected":false},"excerpt":{"rendered":"<p>O governador da Para\u00edba, Jo\u00e3o Azev\u00eado anunciou nesta segunda-feira (17), que o&nbsp;pagamento da primeira parcela do 13\u00ba sal\u00e1rio dos servidores estaduais ser\u00e1 efetuado nesta quarta-feira,&hellip; <\/p>\n","protected":false},"author":1,"featured_media":100671,"comment_status":"closed","ping_status":"closed","sticky":false,"template":"","format":"standard","meta":{"sfsi_plus_gutenberg_text_before_share":"","sfsi_plus_gutenberg_show_text_before_share":"","sfsi_plus_gutenberg_icon_type":"","sfsi_plus_gutenberg_icon_alignemt":"","sfsi_plus_gutenburg_max_per_row":"","footnotes":""},"categories":[11],"tags":[],"class_list":["post-100670","post","type-post","status-publish","format-standard","has-post-thumbnail","hentry","category-politica"],"_links":{"self":[{"href":"https:\/\/www.caririemacao.com\/1\/wp-json\/wp\/v2\/posts\/100670","targetHints":{"allow":["GET"]}}],"collection":[{"href":"https:\/\/www.caririemacao.com\/1\/wp-json\/wp\/v2\/posts"}],"about":[{"href":"https:\/\/www.caririemacao.com\/1\/wp-json\/wp\/v2\/types\/post"}],"author":[{"embeddable":true,"href":"https:\/\/www.caririemacao.com\/1\/wp-json\/wp\/v2\/users\/1"}],"replies":[{"embeddable":true,"href":"https:\/\/www.caririemacao.com\/1\/wp-json\/wp\/v2\/comments?post=100670"}],"version-history":[{"count":1,"href":"https:\/\/www.caririemacao.com\/1\/wp-json\/wp\/v2\/posts\/100670\/revisions"}],"predecessor-version":[{"id":100672,"href":"https:\/\/www.caririemacao.com\/1\/wp-json\/wp\/v2\/posts\/100670\/revisions\/100672"}],"wp:featuredmedia":[{"embeddable":true,"href":"https:\/\/www.caririemacao.com\/1\/wp-json\/wp\/v2\/media\/100671"}],"wp:attachment":[{"href":"https:\/\/www.caririemacao.com\/1\/wp-json\/wp\/v2\/media?parent=100670"}],"wp:term":[{"taxonomy":"category","embeddable":true,"href":"https:\/\/www.caririemacao.com\/1\/wp-json\/wp\/v2\/categories?post=100670"},{"taxonomy":"post_tag","embeddable":true,"href":"https:\/\/www.caririemacao.com\/1\/wp-json\/wp\/v2\/tags?post=100670"}],"curies":[{"name":"wp","href":"https:\/\/api.w.org\/{rel}","templated":true}]}}