{"id":100683,"date":"2019-06-17T15:45:44","date_gmt":"2019-06-17T18:45:44","guid":{"rendered":"http:\/\/www.caririemacao.com\/1\/?p=100683"},"modified":"2019-06-17T15:45:44","modified_gmt":"2019-06-17T18:45:44","slug":"comeca-festival-de-quadrilhas-de-sao-sebastiao-do-umbuzeiro-em-seu-sao-joao-tradicional","status":"publish","type":"post","link":"https:\/\/www.caririemacao.com\/1\/2019\/06\/17\/comeca-festival-de-quadrilhas-de-sao-sebastiao-do-umbuzeiro-em-seu-sao-joao-tradicional\/","title":{"rendered":"Come\u00e7a Festival de quadrilhas de S\u00e3o Sebasti\u00e3o do Umbuzeiro em seu S\u00e3o Jo\u00e3o Tradicional"},"content":{"rendered":"\n<p>A Prefeitura de S\u00e3o Sebasti\u00e3o do Umbuzeiro iniciou na noite deste domingo (16), em S\u00e3o Sebasti\u00e3o do Umbuzeiro na Avenida Vicente Pedro, o S\u00e3o Jo\u00e3o Tradicional, com mais uma quadrilha Junina do munic\u00edpio e muita gente prestigiando.<br>Os organizadores n\u00e3o mediram esfor\u00e7os e deixaram o Arrai\u00e1 da Massa, totalmente decorado proporcionando muita divers\u00e3o para os participantes, e o que se viu foi uma linda festa.<br>As quadrilhas juninas de SS do Umbuzeiro continuam nesta segunda feira e ser\u00e1 a vez da Rua Mariano Flor, sob a organiza\u00e7\u00e3o de Juarez e Fam\u00edlia.<br>\u201c O maior festival de quadrilhas juninas da Para\u00edba \u00e9 em S\u00e3o Sebasti\u00e3o do Umbuzeiro,&nbsp;&nbsp;onde come\u00e7amos com o Arrai\u00e1 da Massa na avenida Vicente Pedro, na organiza\u00e7\u00e3o de Cleide e Nem, Cleidinha e Audo. As Quadrilhas Juninas por aqui v\u00e3o at\u00e9 o dia 27 de julho\u201d, destacou o prefeito Adriano Wolff.<br><strong>COM BLOG DO DIDI<\/strong><\/p>\n","protected":false},"excerpt":{"rendered":"<p>A Prefeitura de S\u00e3o Sebasti\u00e3o do Umbuzeiro iniciou na noite deste domingo (16), em S\u00e3o Sebasti\u00e3o do Umbuzeiro na Avenida Vicente Pedro, o S\u00e3o Jo\u00e3o&hellip; <\/p>\n","protected":false},"author":1,"featured_media":100684,"comment_status":"closed","ping_status":"closed","sticky":false,"template":"","format":"standard","meta":{"sfsi_plus_gutenberg_text_before_share":"","sfsi_plus_gutenberg_show_text_before_share":"","sfsi_plus_gutenberg_icon_type":"","sfsi_plus_gutenberg_icon_alignemt":"","sfsi_plus_gutenburg_max_per_row":"","footnotes":""},"categories":[6,50],"tags":[],"class_list":["post-100683","post","type-post","status-publish","format-standard","has-post-thumbnail","hentry","category-cidades","category-destaque"],"_links":{"self":[{"href":"https:\/\/www.caririemacao.com\/1\/wp-json\/wp\/v2\/posts\/100683","targetHints":{"allow":["GET"]}}],"collection":[{"href":"https:\/\/www.caririemacao.com\/1\/wp-json\/wp\/v2\/posts"}],"about":[{"href":"https:\/\/www.caririemacao.com\/1\/wp-json\/wp\/v2\/types\/post"}],"author":[{"embeddable":true,"href":"https:\/\/www.caririemacao.com\/1\/wp-json\/wp\/v2\/users\/1"}],"replies":[{"embeddable":true,"href":"https:\/\/www.caririemacao.com\/1\/wp-json\/wp\/v2\/comments?post=100683"}],"version-history":[{"count":1,"href":"https:\/\/www.caririemacao.com\/1\/wp-json\/wp\/v2\/posts\/100683\/revisions"}],"predecessor-version":[{"id":100685,"href":"https:\/\/www.caririemacao.com\/1\/wp-json\/wp\/v2\/posts\/100683\/revisions\/100685"}],"wp:featuredmedia":[{"embeddable":true,"href":"https:\/\/www.caririemacao.com\/1\/wp-json\/wp\/v2\/media\/100684"}],"wp:attachment":[{"href":"https:\/\/www.caririemacao.com\/1\/wp-json\/wp\/v2\/media?parent=100683"}],"wp:term":[{"taxonomy":"category","embeddable":true,"href":"https:\/\/www.caririemacao.com\/1\/wp-json\/wp\/v2\/categories?post=100683"},{"taxonomy":"post_tag","embeddable":true,"href":"https:\/\/www.caririemacao.com\/1\/wp-json\/wp\/v2\/tags?post=100683"}],"curies":[{"name":"wp","href":"https:\/\/api.w.org\/{rel}","templated":true}]}}