{"id":100693,"date":"2019-06-17T21:16:54","date_gmt":"2019-06-18T00:16:54","guid":{"rendered":"http:\/\/www.caririemacao.com\/1\/?p=100693"},"modified":"2019-06-17T21:16:54","modified_gmt":"2019-06-18T00:16:54","slug":"comerciante-do-cariri-e-assaltado-por-suposto-mototaxista-em-campina-grande","status":"publish","type":"post","link":"https:\/\/www.caririemacao.com\/1\/2019\/06\/17\/comerciante-do-cariri-e-assaltado-por-suposto-mototaxista-em-campina-grande\/","title":{"rendered":"Comerciante do Cariri \u00e9 assaltado por suposto mototaxista em Campina Grande"},"content":{"rendered":"\n<p>Um comerciante de Sum\u00e9, no Cariri paraibano, foi assaltado ap\u00f3s acionar um suposto mototaxista na sa\u00edda do Parque do Povo, em Campina Grande, com destino ao bairro do Catol\u00e9. Em depoimento, a v\u00edtima afirmou que o homem estava armado, anunciou o assalto na entrada da resid\u00eancia e roubou pertences, que totalizam cerca de R$ 10 mil. O caso aconteceu por volta das 4h desta segunda-feira (17).<\/p>\n\n\n\n<p>Foram roubados um celular, um cord\u00e3o de ouro e um rel\u00f3gio. A v\u00edtima informou que a moto era uma Bros de cor branca. A pol\u00edcia destacou ainda que outros dois casos semelhantes foram registrados entre os dias 9 e 16 de junho no munic\u00edpio. O assaltado foi registrado e pol\u00edcia ir\u00e1 investigar para saber se o suposto mototaxista \u00e9 permission\u00e1rio da Superintend\u00eancia de Tr\u00e2nsito e Transportes P\u00fablicos (STTP).<\/p>\n","protected":false},"excerpt":{"rendered":"<p>Um comerciante de Sum\u00e9, no Cariri paraibano, foi assaltado ap\u00f3s acionar um suposto mototaxista na sa\u00edda do Parque do Povo, em Campina Grande, com destino&hellip; <\/p>\n","protected":false},"author":1,"featured_media":15441,"comment_status":"closed","ping_status":"closed","sticky":false,"template":"","format":"standard","meta":{"sfsi_plus_gutenberg_text_before_share":"","sfsi_plus_gutenberg_show_text_before_share":"","sfsi_plus_gutenberg_icon_type":"","sfsi_plus_gutenberg_icon_alignemt":"","sfsi_plus_gutenburg_max_per_row":"","footnotes":""},"categories":[50,12],"tags":[],"class_list":["post-100693","post","type-post","status-publish","format-standard","has-post-thumbnail","hentry","category-destaque","category-policia"],"_links":{"self":[{"href":"https:\/\/www.caririemacao.com\/1\/wp-json\/wp\/v2\/posts\/100693","targetHints":{"allow":["GET"]}}],"collection":[{"href":"https:\/\/www.caririemacao.com\/1\/wp-json\/wp\/v2\/posts"}],"about":[{"href":"https:\/\/www.caririemacao.com\/1\/wp-json\/wp\/v2\/types\/post"}],"author":[{"embeddable":true,"href":"https:\/\/www.caririemacao.com\/1\/wp-json\/wp\/v2\/users\/1"}],"replies":[{"embeddable":true,"href":"https:\/\/www.caririemacao.com\/1\/wp-json\/wp\/v2\/comments?post=100693"}],"version-history":[{"count":1,"href":"https:\/\/www.caririemacao.com\/1\/wp-json\/wp\/v2\/posts\/100693\/revisions"}],"predecessor-version":[{"id":100694,"href":"https:\/\/www.caririemacao.com\/1\/wp-json\/wp\/v2\/posts\/100693\/revisions\/100694"}],"wp:featuredmedia":[{"embeddable":true,"href":"https:\/\/www.caririemacao.com\/1\/wp-json\/wp\/v2\/media\/15441"}],"wp:attachment":[{"href":"https:\/\/www.caririemacao.com\/1\/wp-json\/wp\/v2\/media?parent=100693"}],"wp:term":[{"taxonomy":"category","embeddable":true,"href":"https:\/\/www.caririemacao.com\/1\/wp-json\/wp\/v2\/categories?post=100693"},{"taxonomy":"post_tag","embeddable":true,"href":"https:\/\/www.caririemacao.com\/1\/wp-json\/wp\/v2\/tags?post=100693"}],"curies":[{"name":"wp","href":"https:\/\/api.w.org\/{rel}","templated":true}]}}