{"id":100708,"date":"2019-06-18T06:06:51","date_gmt":"2019-06-18T09:06:51","guid":{"rendered":"http:\/\/www.caririemacao.com\/1\/?p=100708"},"modified":"2019-06-18T06:06:51","modified_gmt":"2019-06-18T09:06:51","slug":"ufcg-lanca-edital-com-309-vagas-em-cursos-para-ingresso-de-graduados","status":"publish","type":"post","link":"https:\/\/www.caririemacao.com\/1\/2019\/06\/18\/ufcg-lanca-edital-com-309-vagas-em-cursos-para-ingresso-de-graduados\/","title":{"rendered":"UFCG lan\u00e7a edital com 309 vagas em cursos para ingresso de graduados"},"content":{"rendered":"\n<p>A Universidade Federal de Campina Grande (UFCG) inscrever\u00e1, a partir de quarta-feira (19), em processo seletivo com 309 vagas para ingresso de graduados, ou seja, pessoas j\u00e1 portadoras de diplomas poder\u00e3o ingressar em novo curso na institui\u00e7\u00e3o. As inscri\u00e7\u00f5es ser\u00e3o encerradas no dia 25 de junho.<\/p>\n\n\n\n<p>A taxa de inscri\u00e7\u00e3o do processo seletivo para o segundo semestre de 2019 \u00e9 de R$ 50. As inscri\u00e7\u00f5es devem ser feitas no&nbsp;<a href=\"http:\/\/www.comprov.ufcg.edu.br\/\">site da Comiss\u00e3o de Processos Vestibulares (Comprov)<\/a>.<\/p>\n\n\n\n<p>S\u00e3o 309 vagas distribu\u00eddas entre 93 cursos de gradua\u00e7\u00e3o dos sete campi da institui\u00e7\u00e3o, em Campina Grande, Cajazeiras, Cuit\u00e9, Patos, Pombal, Sousa e Sum\u00e9.<\/p>\n\n\n\n<p><a href=\"https:\/\/www.clickpb.com.br\/media\/filer_public\/d3\/cb\/d3cb7f43-9a24-49cc-b7e4-d55cca8dd879\/edital_22-2019-ingresso_de_graduados_20192.pdf\">Confira edital do processo seletivo da UFCG com 309 vagas<\/a><\/p>\n\n\n\n<p>Para participar do processo, o candidato deve ter conclu\u00eddo curso superior de tecnologia, de licenciatura ou de bacharelado; inscrever-se em curso da mesma \u00e1rea em que tenha conclu\u00eddo o curso superior anterior; possuir Coeficiente de Rendimento Acad\u00eamico (CRA) igual ou superior a 6,0; e no caso de institui\u00e7\u00e3o estrangeira de ensino superior, a mesma deve ser reconhecida pelo \u00f3rg\u00e3o competente do governo no pa\u00eds de origem.<\/p>\n\n\n\n<p>A sele\u00e7\u00e3o do candidato ser\u00e1 feita da an\u00e1lise do hist\u00f3rico escolar do candidato, que deve ser anexado no ato da inscri\u00e7\u00e3o.<\/p>\n\n\n\n<p>O resultado final ser\u00e1 divulgado no dia 24 de julho e os candidatos classificados devem realizar o cadastramento, em seguida, no dia 26. A matr\u00edcula em disciplinas acontecem no dia 29 de julho e as aulas come\u00e7am no dia 6 de agosto.<\/p>\n","protected":false},"excerpt":{"rendered":"<p>A Universidade Federal de Campina Grande (UFCG) inscrever\u00e1, a partir de quarta-feira (19), em processo seletivo com 309 vagas para ingresso de graduados, ou seja,&hellip; <\/p>\n","protected":false},"author":1,"featured_media":41731,"comment_status":"closed","ping_status":"closed","sticky":false,"template":"","format":"standard","meta":{"sfsi_plus_gutenberg_text_before_share":"","sfsi_plus_gutenberg_show_text_before_share":"","sfsi_plus_gutenberg_icon_type":"","sfsi_plus_gutenberg_icon_alignemt":"","sfsi_plus_gutenburg_max_per_row":"","footnotes":""},"categories":[14],"tags":[],"class_list":["post-100708","post","type-post","status-publish","format-standard","has-post-thumbnail","hentry","category-educacao"],"_links":{"self":[{"href":"https:\/\/www.caririemacao.com\/1\/wp-json\/wp\/v2\/posts\/100708","targetHints":{"allow":["GET"]}}],"collection":[{"href":"https:\/\/www.caririemacao.com\/1\/wp-json\/wp\/v2\/posts"}],"about":[{"href":"https:\/\/www.caririemacao.com\/1\/wp-json\/wp\/v2\/types\/post"}],"author":[{"embeddable":true,"href":"https:\/\/www.caririemacao.com\/1\/wp-json\/wp\/v2\/users\/1"}],"replies":[{"embeddable":true,"href":"https:\/\/www.caririemacao.com\/1\/wp-json\/wp\/v2\/comments?post=100708"}],"version-history":[{"count":1,"href":"https:\/\/www.caririemacao.com\/1\/wp-json\/wp\/v2\/posts\/100708\/revisions"}],"predecessor-version":[{"id":100709,"href":"https:\/\/www.caririemacao.com\/1\/wp-json\/wp\/v2\/posts\/100708\/revisions\/100709"}],"wp:featuredmedia":[{"embeddable":true,"href":"https:\/\/www.caririemacao.com\/1\/wp-json\/wp\/v2\/media\/41731"}],"wp:attachment":[{"href":"https:\/\/www.caririemacao.com\/1\/wp-json\/wp\/v2\/media?parent=100708"}],"wp:term":[{"taxonomy":"category","embeddable":true,"href":"https:\/\/www.caririemacao.com\/1\/wp-json\/wp\/v2\/categories?post=100708"},{"taxonomy":"post_tag","embeddable":true,"href":"https:\/\/www.caririemacao.com\/1\/wp-json\/wp\/v2\/tags?post=100708"}],"curies":[{"name":"wp","href":"https:\/\/api.w.org\/{rel}","templated":true}]}}