{"id":100711,"date":"2019-06-18T06:09:09","date_gmt":"2019-06-18T09:09:09","guid":{"rendered":"http:\/\/www.caririemacao.com\/1\/?p=100711"},"modified":"2019-06-18T06:09:09","modified_gmt":"2019-06-18T09:09:09","slug":"investir-em-educacao-e-eficaz-para-reducao-de-homicidios-diz-unicef","status":"publish","type":"post","link":"https:\/\/www.caririemacao.com\/1\/2019\/06\/18\/investir-em-educacao-e-eficaz-para-reducao-de-homicidios-diz-unicef\/","title":{"rendered":"Investir em educa\u00e7\u00e3o \u00e9 eficaz para redu\u00e7\u00e3o de homic\u00eddios, diz Unicef"},"content":{"rendered":"\n<p>Um conjunto de estudos promovidos e apoiados pela Fundo das Na\u00e7\u00f5es Unidas para a Inf\u00e2ncia (Unicef), vinculada \u00e0 Organiza\u00e7\u00e3o das Na\u00e7\u00f5es Unidas, apontam evid\u00eancias de que garantir o direito \u00e0 educa\u00e7\u00e3o \u00e9 uma estrat\u00e9gia eficaz para a prote\u00e7\u00e3o da vida e para a preven\u00e7\u00e3o da viol\u00eancia. Com base em tais pesquisas, a entidade aposta no acesso \u00e0 escola como um mecanismo fundamental para reverter a tend\u00eancia atual que, segundo ela, pode levar \u00e0 morte de quase 2 milh\u00f5es de crian\u00e7as e adolescentes no mundo at\u00e9 2030.<\/p>\n\n\n\n<p>Os estudos est\u00e3o em debate no semin\u00e1rio &#8220;Educa\u00e7\u00e3o \u00e9 Prote\u00e7\u00e3o contra a Viol\u00eancia&#8221;, que come\u00e7ou hoje (17) e est\u00e1 reunindo especialistas, autoridades, sociedade civil e lideran\u00e7as adolescentes no Museu do Amanh\u00e3, no Rio de Janeiro.&nbsp;<\/p>\n\n\n\n<p>O evento \u00e9 organizado pela Unicef em parceria com a Cidade Escola Aprendiz, uma organiza\u00e7\u00e3o da sociedade civil de interesse p\u00fablico, que se dedica a promover perspectiva integral da educa\u00e7\u00e3o.<\/p>\n\n\n\n<p>As pesquisas revelam ainda que, na maior parte das vezes, o jovem v\u00edtima de homic\u00eddio est\u00e1 fora da escola ou em vias de abandon\u00e1-la. &#8220;Estar na escola \u00e9 um fator de prote\u00e7\u00e3o&#8221;, avalia Florence Bauer, representante do Unicef no Brasil. No Cear\u00e1, por exemplo, um levantamento feito em Fortaleza e em outros seis munic\u00edpios mostrou que 70% dos meninos e meninas assassinados haviam largado a escola h\u00e1, pelo menos, seis meses.<\/p>\n\n\n\n<p>Aos participantes do semin\u00e1rio, foi distribu\u00edda a publica\u00e7\u00e3o Educa\u00e7\u00e3o que protege contra a viol\u00eancia, na qual o Unicef concentra os principais dados em torno do assunto. O documento traz, por exemplo, um levantamento de 2015 segundo o qual a Am\u00e9rica Latina responde por quase a metade de todos os homic\u00eddios ocorridos no mundo envolvendo adolescentes de 10 a 19 anos. A regi\u00e3o \u00e9 a \u00fanica do planeta que apresenta aumento desses \u00edndices desde 2007.<\/p>\n\n\n\n<p>No Brasil, os dados apontam que 32 meninos e meninas entre 10 e 19 anos s\u00e3o v\u00edtimas de homic\u00eddio a cada dia, o que coloca o pa\u00eds na primeira posi\u00e7\u00e3o em n\u00famero absoluto de assassinatos de adolescentes no mundo. Proporcionalmente, os n\u00fameros brasileiros s\u00e3o inferiores apenas aos registrados na Venezuela, Col\u00f4mbia, El Salvador e Honduras.<\/p>\n\n\n\n<p>Segundo Florence Bauer, trata-se de um problema que afeta de forma mais incisiva um perfil espec\u00edfico: jovens negros de fam\u00edlia de baixa renda. &#8220;Vivem em territ\u00f3rios vulner\u00e1veis e violentos, sem acesso adequado a servi\u00e7os de sa\u00fade, assist\u00eancia social, educa\u00e7\u00e3o, esporte e lazer&#8221;, diz. Entre 2007 e 2017, mais de 107 mil adolescentes entre 10 e 19 anos no Brasil morreram em decorr\u00eancia da viol\u00eancia. Para cada sete v\u00edtimas, cinco s\u00e3o negras.<\/p>\n\n\n\n<p><strong>Medo<\/strong><br><\/p>\n\n\n\n<p>H\u00e1 estudos que tamb\u00e9m revelam o medo como fator que prejudica o acesso \u00e0 educa\u00e7\u00e3o. Na Pesquisa Nacional de Sa\u00fade Escolar (PeNSE), realizada pelo Instituto Brasileiro de Geografia e Estat\u00edstica (IBGE), 14,8% dos estudantes do 9\u00ba ano entrevistados em 2015 declararam ter deixado de ir \u00e0 escola ao menos um dia nos 30 dias anteriores por n\u00e3o se sentirem seguros no caminho de ida ou de volta. Al\u00e9m disso, 9,5% disseram que, nesse mesmo per\u00edodo, se ausentaram em algum momento da aula por n\u00e3o se sentirem seguros no pr\u00f3prio ambiente escolar.<\/p>\n\n\n\n<p>Uma investiga\u00e7\u00e3o em 99 escolas realizada pela Faculdade de Medicina da Universidade de S\u00e3o Paulo (USP) mostrou a diferen\u00e7a de percep\u00e7\u00e3o desse quadro na compara\u00e7\u00e3o entre institui\u00e7\u00f5es p\u00fablicas e privadas. Na capital paulista, 41,2% dos diretores das escolas p\u00fablicas consideraram alta a viol\u00eancia no entorno. Esse percentual cai para 22,6% entre os diretores de escolas particulares.<\/p>\n\n\n\n<p>O semin\u00e1rio continua amanh\u00e3 (18) quando ser\u00e1 apresentado um panorama do enfrentamento da exclus\u00e3o escolar e do desafio diante da viol\u00eancia extrema no Rio de Janeiro. Ser\u00e3o apresentados dados compilados pela plataforma Fogo Cruzado sobre os cinco primeiros meses de 2019. Eles revelam que 1,4 mil dos 3,5 mil tiroteios ocorridos no per\u00edodo na regi\u00e3o metropolitana do Rio de Janeiro ocorreram em hor\u00e1rio escolar no per\u00edmetro de 300 metros de escolas e creches.<\/p>\n\n\n\n<p>&#8220;Ao todo, seis pessoas foram baleadas dentro ou pr\u00f3ximo de estabelecimentos de ensino, ningu\u00e9m morreu. Comparado com o mesmo per\u00edodo de 2018, houve uma queda de 6% no n\u00famero de tiroteios no entorno de escolas este ano. Dos tr\u00eas baleados no mesmo per\u00edodo de 2018, um morreu&#8221;, registra a plataforma. Segundo dados do Sistema \u00danico de Sa\u00fade (SUS), 1.303 jovens entre 10 e 19 anos foram assassinados no estado fluminense em 2017. Os n\u00fameros revelam a pior taxa de homic\u00eddios dos \u00faltimos 10 anos para essa faixa et\u00e1ria.<\/p>\n\n\n\n<p><strong>Manifesto<\/strong><br><\/p>\n\n\n\n<p>Segundo o Unicef, enfrentar a viol\u00eancia no interior da escola e nos domic\u00edlios \u00e9 t\u00e3o importante quanto combater a que ocorre nas ruas, uma vez que tamb\u00e9m provoca evas\u00e3o. O documento distribu\u00eddo no semin\u00e1rio lista uma s\u00e9rie de situa\u00e7\u00f5es que tem sido vivenciada por estudantes, que v\u00e3o desde a disciplina violenta por pais e professores at\u00e9 a viol\u00eancia psicol\u00f3gica, que envolve discrimina\u00e7\u00e3o, deprecia\u00e7\u00e3o, constrangimento, humilha\u00e7\u00e3o, isolamento, viola\u00e7\u00e3o de direitos, intimida\u00e7\u00e3o sistem\u00e1tica atrav\u00e9s do bullying, etc.<\/p>\n\n\n\n<p>Para lidar com a quest\u00e3o, a entidade possui iniciativas variadas como projetos voltados para a inclus\u00e3o escolar, canais para den\u00fancia, mecanismos para avaliar a qualidade do ensino e estrat\u00e9gias para mapear jovens que est\u00e3o fora da escola. Tamb\u00e9m acompanha a execu\u00e7\u00e3o de pol\u00edticas p\u00fablicas implementadas pelos estados e tamb\u00e9m a n\u00edvel federal. Um deles \u00e9 o Bolsa Fam\u00edlia, que beneficia fam\u00edlias nas quais os membros entre 6 e 17 anos est\u00e3o matriculados. Segundo o Unicef, em 2018, a taxa de frequ\u00eancia escolar dessa popula\u00e7\u00e3o foi 93,8%.<\/p>\n\n\n\n<p>Durante a abertura do semin\u00e1rio, a estudante Lays dos Santos, de 19 anos, leu o Manifesto Jovem #ENDviolence, um documento aprovado durante um encontro que reuniu mais de 100 jovens de todo o mundo. Organizado pelo Unicef, esse encontro ocorreu em dezembro do ano passado na \u00c1frica do Sul.<\/p>\n\n\n\n<p>&#8220;Considerando o princ\u00edpio de coexist\u00eancia pac\u00edfica e respeitosa, a escola &#8211; enquanto espa\u00e7o de mudan\u00e7as &#8211; em colabora\u00e7\u00e3o com os pais e m\u00e3es e com a sociedade &#8211; deve dar suporte e prote\u00e7\u00e3o a todos os estudantes, incluindo os que sofrem viol\u00eancia e os que se envolvem em comportamentos violentos&#8221;, diz o manifesto.<\/p>\n\n\n\n<p>O documento apresenta ainda diversas reivindica\u00e7\u00f5es, entre elas, a restri\u00e7\u00e3o da presen\u00e7a de armas nas escolas, a garantia de seguran\u00e7a nos caminhos de ida e volta realizados pelos estudantes, o fornecimento de instala\u00e7\u00f5es seguras para o ensino, a capacita\u00e7\u00e3o da comunidade escolar para lidar com quest\u00f5es de viol\u00eancia e o ensinamento sobre o respeito ao corpo e \u00e0 sexualidade de cada pessoa.<\/p>\n\n\n\n<p>Tamb\u00e9m presente na mesa de abertura do semin\u00e1rio, o jovem Rafael Barbosa afirmou que a viola\u00e7\u00e3o dos direitos do adolescente pode ir desde o motorista de \u00f4nibus que n\u00e3o para no ponto para embarque de estudantes de escola p\u00fablica uniformizados at\u00e9 a falta de a\u00e7\u00e3o da institui\u00e7\u00e3o de ensino. &#8220;A escola produz viol\u00eancia quando n\u00e3o toma partido contra a discrimina\u00e7\u00e3o e n\u00e3o combate o bullying&#8221;.<\/p>\n","protected":false},"excerpt":{"rendered":"<p>Um conjunto de estudos promovidos e apoiados pela Fundo das Na\u00e7\u00f5es Unidas para a Inf\u00e2ncia (Unicef), vinculada \u00e0 Organiza\u00e7\u00e3o das Na\u00e7\u00f5es Unidas, apontam evid\u00eancias de&hellip; <\/p>\n","protected":false},"author":1,"featured_media":41037,"comment_status":"closed","ping_status":"closed","sticky":false,"template":"","format":"standard","meta":{"sfsi_plus_gutenberg_text_before_share":"","sfsi_plus_gutenberg_show_text_before_share":"","sfsi_plus_gutenberg_icon_type":"","sfsi_plus_gutenberg_icon_alignemt":"","sfsi_plus_gutenburg_max_per_row":"","footnotes":""},"categories":[50,14],"tags":[],"class_list":["post-100711","post","type-post","status-publish","format-standard","has-post-thumbnail","hentry","category-destaque","category-educacao"],"_links":{"self":[{"href":"https:\/\/www.caririemacao.com\/1\/wp-json\/wp\/v2\/posts\/100711","targetHints":{"allow":["GET"]}}],"collection":[{"href":"https:\/\/www.caririemacao.com\/1\/wp-json\/wp\/v2\/posts"}],"about":[{"href":"https:\/\/www.caririemacao.com\/1\/wp-json\/wp\/v2\/types\/post"}],"author":[{"embeddable":true,"href":"https:\/\/www.caririemacao.com\/1\/wp-json\/wp\/v2\/users\/1"}],"replies":[{"embeddable":true,"href":"https:\/\/www.caririemacao.com\/1\/wp-json\/wp\/v2\/comments?post=100711"}],"version-history":[{"count":1,"href":"https:\/\/www.caririemacao.com\/1\/wp-json\/wp\/v2\/posts\/100711\/revisions"}],"predecessor-version":[{"id":100712,"href":"https:\/\/www.caririemacao.com\/1\/wp-json\/wp\/v2\/posts\/100711\/revisions\/100712"}],"wp:featuredmedia":[{"embeddable":true,"href":"https:\/\/www.caririemacao.com\/1\/wp-json\/wp\/v2\/media\/41037"}],"wp:attachment":[{"href":"https:\/\/www.caririemacao.com\/1\/wp-json\/wp\/v2\/media?parent=100711"}],"wp:term":[{"taxonomy":"category","embeddable":true,"href":"https:\/\/www.caririemacao.com\/1\/wp-json\/wp\/v2\/categories?post=100711"},{"taxonomy":"post_tag","embeddable":true,"href":"https:\/\/www.caririemacao.com\/1\/wp-json\/wp\/v2\/tags?post=100711"}],"curies":[{"name":"wp","href":"https:\/\/api.w.org\/{rel}","templated":true}]}}