{"id":100727,"date":"2019-06-18T06:16:41","date_gmt":"2019-06-18T09:16:41","guid":{"rendered":"http:\/\/www.caririemacao.com\/1\/?p=100727"},"modified":"2019-06-18T06:16:41","modified_gmt":"2019-06-18T09:16:41","slug":"cantor-batista-lima-sofre-acidente-de-carro-com-a-esposa","status":"publish","type":"post","link":"https:\/\/www.caririemacao.com\/1\/2019\/06\/18\/cantor-batista-lima-sofre-acidente-de-carro-com-a-esposa\/","title":{"rendered":"Cantor Batista Lima sofre acidente De carro com a esposa"},"content":{"rendered":"\n<p>O cantor de forr\u00f3&nbsp;<strong>Batista Lima,&nbsp;<\/strong>ex-vocalista da banda<strong>&nbsp;Lim\u00e3o com Mel,&nbsp;<\/strong>sofreu um acidente de carro nesta segunda-feira (17), durante ida para Caruaru (PE). \u201cUm susto e um livramento de Deus\u201d, definiu o cantor em v\u00eddeo. Quem dirigia o ve\u00edculo durante o ocorrido era a esposa do forrozeiro.<\/p>\n\n\n\n<p>Duante tr\u00e1fego de&nbsp;<strong>Salgueiro<\/strong>&nbsp;para Caruaru, pela BR-232, com chuvas, um motorista que estava na frente do carro do cantor com a esposa fez uma ultrapassagem de forma brusca e retornou para a via onde trafegava o carro Batista.<\/p>\n\n\n\n<p>O ve\u00edculo acabou batendo na lateral do carro de Batista Lima e o carro desceu uma ribanceira. \u201cO carro voo. Descemos o meio fio. N\u00e3o tinha \u00e1rvores, s\u00f3 galhos\u201d, detalha o cantor.<\/p>\n\n\n\n<p>Batista conta ainda que os airbags do ve\u00edculo foram acionados. Bra\u00e7os doloridos e alguns arranh\u00f5es ficaram no corpo do cantor. Ele chegou a ser atendido na cidade de&nbsp;<strong>Cust\u00f3dia<\/strong>&nbsp;(PE). Apesar do susto, o casal est\u00e1 bem.<\/p>\n","protected":false},"excerpt":{"rendered":"<p>O cantor de forr\u00f3&nbsp;Batista Lima,&nbsp;ex-vocalista da banda&nbsp;Lim\u00e3o com Mel,&nbsp;sofreu um acidente de carro nesta segunda-feira (17), durante ida para Caruaru (PE). \u201cUm susto e um&hellip; <\/p>\n","protected":false},"author":1,"featured_media":100728,"comment_status":"closed","ping_status":"closed","sticky":false,"template":"","format":"standard","meta":{"sfsi_plus_gutenberg_text_before_share":"","sfsi_plus_gutenberg_show_text_before_share":"","sfsi_plus_gutenberg_icon_type":"","sfsi_plus_gutenberg_icon_alignemt":"","sfsi_plus_gutenburg_max_per_row":"","footnotes":""},"categories":[50,12],"tags":[],"class_list":["post-100727","post","type-post","status-publish","format-standard","has-post-thumbnail","hentry","category-destaque","category-policia"],"_links":{"self":[{"href":"https:\/\/www.caririemacao.com\/1\/wp-json\/wp\/v2\/posts\/100727","targetHints":{"allow":["GET"]}}],"collection":[{"href":"https:\/\/www.caririemacao.com\/1\/wp-json\/wp\/v2\/posts"}],"about":[{"href":"https:\/\/www.caririemacao.com\/1\/wp-json\/wp\/v2\/types\/post"}],"author":[{"embeddable":true,"href":"https:\/\/www.caririemacao.com\/1\/wp-json\/wp\/v2\/users\/1"}],"replies":[{"embeddable":true,"href":"https:\/\/www.caririemacao.com\/1\/wp-json\/wp\/v2\/comments?post=100727"}],"version-history":[{"count":1,"href":"https:\/\/www.caririemacao.com\/1\/wp-json\/wp\/v2\/posts\/100727\/revisions"}],"predecessor-version":[{"id":100729,"href":"https:\/\/www.caririemacao.com\/1\/wp-json\/wp\/v2\/posts\/100727\/revisions\/100729"}],"wp:featuredmedia":[{"embeddable":true,"href":"https:\/\/www.caririemacao.com\/1\/wp-json\/wp\/v2\/media\/100728"}],"wp:attachment":[{"href":"https:\/\/www.caririemacao.com\/1\/wp-json\/wp\/v2\/media?parent=100727"}],"wp:term":[{"taxonomy":"category","embeddable":true,"href":"https:\/\/www.caririemacao.com\/1\/wp-json\/wp\/v2\/categories?post=100727"},{"taxonomy":"post_tag","embeddable":true,"href":"https:\/\/www.caririemacao.com\/1\/wp-json\/wp\/v2\/tags?post=100727"}],"curies":[{"name":"wp","href":"https:\/\/api.w.org\/{rel}","templated":true}]}}