{"id":100737,"date":"2019-06-18T06:25:36","date_gmt":"2019-06-18T09:25:36","guid":{"rendered":"http:\/\/www.caririemacao.com\/1\/?p=100737"},"modified":"2019-06-18T06:25:36","modified_gmt":"2019-06-18T09:25:36","slug":"assalto-no-posto-da-vila-do-ferro-velho-em-sertania","status":"publish","type":"post","link":"https:\/\/www.caririemacao.com\/1\/2019\/06\/18\/assalto-no-posto-da-vila-do-ferro-velho-em-sertania\/","title":{"rendered":"Assalto no posto da vila do ferro velho em Sert\u00e2nia"},"content":{"rendered":"\n<p>No final da tarde desta segunda-feira, por volta das 18:00 horas, dois elementos armados assaltaram o posto de combust\u00edvel da sa\u00edda para Albuquerque N\u00e9, no bairro da Vila do Ferro Velho, \u00e0s margens do rodoanel.<\/p>\n\n\n\n<p>Segundo informa\u00e7\u00f5es colhidas pelo&nbsp;<em><strong>Tribuna do Moxot\u00f3<\/strong><\/em>&nbsp;uma funcion\u00e1ria que ali trabalha foi rendida por dois elementos e levaram todo o dinheiro ali apurado e um celular da mesma.<\/p>\n\n\n\n<p>Ap\u00f3s os assalto os elementos tomaram dire\u00e7\u00e3o ignorada. A pol\u00edcia j\u00e1 foi cientificada e j\u00e1 est\u00e1 em dilig\u00eancias no sentido de prender e identificar os meliantes.<\/p>\n\n\n\n<p>O posto de combust\u00edvel foi inaugurado agora a pouco meses.<\/p>\n","protected":false},"excerpt":{"rendered":"<p>No final da tarde desta segunda-feira, por volta das 18:00 horas, dois elementos armados assaltaram o posto de combust\u00edvel da sa\u00edda para Albuquerque N\u00e9, no&hellip; <\/p>\n","protected":false},"author":1,"featured_media":45420,"comment_status":"closed","ping_status":"closed","sticky":false,"template":"","format":"standard","meta":{"sfsi_plus_gutenberg_text_before_share":"","sfsi_plus_gutenberg_show_text_before_share":"","sfsi_plus_gutenberg_icon_type":"","sfsi_plus_gutenberg_icon_alignemt":"","sfsi_plus_gutenburg_max_per_row":"","footnotes":""},"categories":[12],"tags":[],"class_list":["post-100737","post","type-post","status-publish","format-standard","has-post-thumbnail","hentry","category-policia"],"_links":{"self":[{"href":"https:\/\/www.caririemacao.com\/1\/wp-json\/wp\/v2\/posts\/100737","targetHints":{"allow":["GET"]}}],"collection":[{"href":"https:\/\/www.caririemacao.com\/1\/wp-json\/wp\/v2\/posts"}],"about":[{"href":"https:\/\/www.caririemacao.com\/1\/wp-json\/wp\/v2\/types\/post"}],"author":[{"embeddable":true,"href":"https:\/\/www.caririemacao.com\/1\/wp-json\/wp\/v2\/users\/1"}],"replies":[{"embeddable":true,"href":"https:\/\/www.caririemacao.com\/1\/wp-json\/wp\/v2\/comments?post=100737"}],"version-history":[{"count":1,"href":"https:\/\/www.caririemacao.com\/1\/wp-json\/wp\/v2\/posts\/100737\/revisions"}],"predecessor-version":[{"id":100738,"href":"https:\/\/www.caririemacao.com\/1\/wp-json\/wp\/v2\/posts\/100737\/revisions\/100738"}],"wp:featuredmedia":[{"embeddable":true,"href":"https:\/\/www.caririemacao.com\/1\/wp-json\/wp\/v2\/media\/45420"}],"wp:attachment":[{"href":"https:\/\/www.caririemacao.com\/1\/wp-json\/wp\/v2\/media?parent=100737"}],"wp:term":[{"taxonomy":"category","embeddable":true,"href":"https:\/\/www.caririemacao.com\/1\/wp-json\/wp\/v2\/categories?post=100737"},{"taxonomy":"post_tag","embeddable":true,"href":"https:\/\/www.caririemacao.com\/1\/wp-json\/wp\/v2\/tags?post=100737"}],"curies":[{"name":"wp","href":"https:\/\/api.w.org\/{rel}","templated":true}]}}