{"id":100742,"date":"2019-06-18T06:29:00","date_gmt":"2019-06-18T09:29:00","guid":{"rendered":"http:\/\/www.caririemacao.com\/1\/?p=100742"},"modified":"2019-06-18T06:29:00","modified_gmt":"2019-06-18T09:29:00","slug":"sao-joao-do-cariri-vereador-cobra-promessas-de-campanha-e-diz-que-gestores-estao-brigando-por-interesses-proprios","status":"publish","type":"post","link":"https:\/\/www.caririemacao.com\/1\/2019\/06\/18\/sao-joao-do-cariri-vereador-cobra-promessas-de-campanha-e-diz-que-gestores-estao-brigando-por-interesses-proprios\/","title":{"rendered":"S\u00c3O JO\u00c3O DO CARIRI: Vereador cobra promessas de campanha e diz que gestores est\u00e3o brigando por interesses pr\u00f3prios"},"content":{"rendered":"\n<p><strong>S\u00c3O JO\u00c3O DO CARIRI \u2013<\/strong>&nbsp;O Vereador e presidente municipal do PSB, George Aquino apresentou dois importantes requerimentos na \u00faltima sess\u00e3o ordin\u00e1ria deste primeiro semestre na C\u00e2mara Municipal de S\u00e3o Jo\u00e3o do Cariri, realizada na \u00faltima sexta-feira (14).<\/p>\n\n\n\n<p>O primeiro requerimento, o vereador cobrou que o prefeito e a coliga\u00e7\u00e3o \u201cUnidos por S\u00e3o Jo\u00e3o\u201d cumpra o que foi prometido em campanha. O vereador disse que o programa de governo que a coliga\u00e7\u00e3o registrou no Tribunal Regional Eleitoral \u2013 TRE na \u00faltima elei\u00e7\u00e3o (para ser cumprido durante o mandato de 2017\/2020) n\u00e3o foi cumprido nem 10% do que foi apresentado, apesar de faltar apenas um ano e meio para terminar o mandato.<\/p>\n\n\n\n<p>\u201cOs eleitores apostam nos candidatos que cumpram compromissos, e isso n\u00e3o est\u00e1 sendo feito, o que a gente ver \u00e9 que est\u00e3o brigando entre si, e pensando nos pr\u00f3prios interesses, e os dois (prefeito e vice-prefeito) que foram eleitos na mesma colica\u00e7\u00e3o, agora est\u00e3o querendo diferenciar um do outro, e est\u00e3o tentando enganar novamente o povo vendendo mais uma vez ilus\u00e3o\u201d, disse o vereador.<\/p>\n\n\n\n<p>O vereador ainda apresentou um segundo requerimento solicitando do Poder P\u00fablico Municial que tome provid\u00eancias para equipar e colocar em funcionamento com m\u00e9dicos e enfermeiros, a Policl\u00ednica constru\u00edda pelo Governo do Estado atrav\u00e9s de recursos do Pacto Social.<\/p>\n\n\n\n<p>Ainda na sua fala na tribuna, George Aquino voltou agradecer ao governador Jo\u00e3o Azev\u00eado, por assinar a ordem de servi\u00e7o do esgotamento sanit\u00e1rio de S\u00e3o Jo\u00e3o do Cariri no valor de R$ 3,1 milh\u00f5es, realizando um grande benef\u00edco para mais de 2.200 pessoas. Al\u00e9m disso um pedido antigo do vereador foi atendido pelo governo, que foi a coloca\u00e7\u00e3o como as pr\u00f3ximas prioridades do DER, o asfalto do trecho que liga a BR-412 a Distrito de Malhada de Ro\u00e7a.<\/p>\n","protected":false},"excerpt":{"rendered":"<p>S\u00c3O JO\u00c3O DO CARIRI \u2013&nbsp;O Vereador e presidente municipal do PSB, George Aquino apresentou dois importantes requerimentos na \u00faltima sess\u00e3o ordin\u00e1ria deste primeiro semestre na&hellip; <\/p>\n","protected":false},"author":1,"featured_media":45162,"comment_status":"closed","ping_status":"closed","sticky":false,"template":"","format":"standard","meta":{"sfsi_plus_gutenberg_text_before_share":"","sfsi_plus_gutenberg_show_text_before_share":"","sfsi_plus_gutenberg_icon_type":"","sfsi_plus_gutenberg_icon_alignemt":"","sfsi_plus_gutenburg_max_per_row":"","footnotes":""},"categories":[6],"tags":[],"class_list":["post-100742","post","type-post","status-publish","format-standard","has-post-thumbnail","hentry","category-cidades"],"_links":{"self":[{"href":"https:\/\/www.caririemacao.com\/1\/wp-json\/wp\/v2\/posts\/100742","targetHints":{"allow":["GET"]}}],"collection":[{"href":"https:\/\/www.caririemacao.com\/1\/wp-json\/wp\/v2\/posts"}],"about":[{"href":"https:\/\/www.caririemacao.com\/1\/wp-json\/wp\/v2\/types\/post"}],"author":[{"embeddable":true,"href":"https:\/\/www.caririemacao.com\/1\/wp-json\/wp\/v2\/users\/1"}],"replies":[{"embeddable":true,"href":"https:\/\/www.caririemacao.com\/1\/wp-json\/wp\/v2\/comments?post=100742"}],"version-history":[{"count":1,"href":"https:\/\/www.caririemacao.com\/1\/wp-json\/wp\/v2\/posts\/100742\/revisions"}],"predecessor-version":[{"id":100743,"href":"https:\/\/www.caririemacao.com\/1\/wp-json\/wp\/v2\/posts\/100742\/revisions\/100743"}],"wp:featuredmedia":[{"embeddable":true,"href":"https:\/\/www.caririemacao.com\/1\/wp-json\/wp\/v2\/media\/45162"}],"wp:attachment":[{"href":"https:\/\/www.caririemacao.com\/1\/wp-json\/wp\/v2\/media?parent=100742"}],"wp:term":[{"taxonomy":"category","embeddable":true,"href":"https:\/\/www.caririemacao.com\/1\/wp-json\/wp\/v2\/categories?post=100742"},{"taxonomy":"post_tag","embeddable":true,"href":"https:\/\/www.caririemacao.com\/1\/wp-json\/wp\/v2\/tags?post=100742"}],"curies":[{"name":"wp","href":"https:\/\/api.w.org\/{rel}","templated":true}]}}