{"id":100746,"date":"2019-06-18T06:33:50","date_gmt":"2019-06-18T09:33:50","guid":{"rendered":"http:\/\/www.caririemacao.com\/1\/?p=100746"},"modified":"2019-06-18T06:33:50","modified_gmt":"2019-06-18T09:33:50","slug":"policia-prende-homem-acusado-de-abusar-sexualmente-de-dois-filhos","status":"publish","type":"post","link":"https:\/\/www.caririemacao.com\/1\/2019\/06\/18\/policia-prende-homem-acusado-de-abusar-sexualmente-de-dois-filhos\/","title":{"rendered":"Pol\u00edcia prende homem acusado de abusar sexualmente de dois filhos"},"content":{"rendered":"\n<p>Um homem foi preso no munic\u00edpio de Bel\u00e9m, nesta segunda-feira (17), acusado de estuprar os dois filhos.&nbsp;De acordo com informa\u00e7\u00f5es do delegado Hugo Lucena, o acusado de praticar estupro de vulner\u00e1vel foi identificado como Marcelo da Silva Costa, de 42 anos.<\/p>\n\n\n\n<p>Os abusos teriam ocorrido em 2017 e, na \u00e9poca dos fatos, as v\u00edtimas possu\u00edam 9 e 10 anos de idade.&nbsp;Para preservar a identidade e seguran\u00e7a das crian\u00e7as e de seus familiares, a pol\u00edcia n\u00e3o divulgou outros detalhes dos delitos.<\/p>\n\n\n\n<p>O caso foi denunciado \u00e0 pol\u00edcia que iniciou as investiga\u00e7\u00f5es. A pris\u00e3o preventiva foi solicitada e decretada pela justi\u00e7a. Marcelo foi localizado pelos policiais civis escondido em Bel\u00e9m.<\/p>\n\n\n\n<p>A segunda pris\u00e3o foi de Ivanildo Ant\u00f4nio Fidelis, de 27 anos. Ele foi abordado e preso por policiais civis e militares. A a\u00e7\u00e3o ocorreu&nbsp; na zona rural de Ara\u00e7agi-PB, em um s\u00edtio chamado \u201cMercador\u201d.<\/p>\n\n\n\n<p>Ainda de acordo com Hugo Lucena, contra Ivanildo havia dois mandados de pris\u00e3o em aberto , decretados pelas Comarcas de Mari e Guarabira, ambas situadas no interior do Estado.&nbsp;Ivanildo foi preso pela pr\u00e1tica de crimes de roubos qualificados.<\/p>\n\n\n\n<p><strong>MaisPB<\/strong><\/p>\n","protected":false},"excerpt":{"rendered":"<p>Um homem foi preso no munic\u00edpio de Bel\u00e9m, nesta segunda-feira (17), acusado de estuprar os dois filhos.&nbsp;De acordo com informa\u00e7\u00f5es do delegado Hugo Lucena, o&hellip; <\/p>\n","protected":false},"author":1,"featured_media":87642,"comment_status":"closed","ping_status":"closed","sticky":false,"template":"","format":"standard","meta":{"sfsi_plus_gutenberg_text_before_share":"","sfsi_plus_gutenberg_show_text_before_share":"","sfsi_plus_gutenberg_icon_type":"","sfsi_plus_gutenberg_icon_alignemt":"","sfsi_plus_gutenburg_max_per_row":"","footnotes":""},"categories":[12],"tags":[],"class_list":["post-100746","post","type-post","status-publish","format-standard","has-post-thumbnail","hentry","category-policia"],"_links":{"self":[{"href":"https:\/\/www.caririemacao.com\/1\/wp-json\/wp\/v2\/posts\/100746","targetHints":{"allow":["GET"]}}],"collection":[{"href":"https:\/\/www.caririemacao.com\/1\/wp-json\/wp\/v2\/posts"}],"about":[{"href":"https:\/\/www.caririemacao.com\/1\/wp-json\/wp\/v2\/types\/post"}],"author":[{"embeddable":true,"href":"https:\/\/www.caririemacao.com\/1\/wp-json\/wp\/v2\/users\/1"}],"replies":[{"embeddable":true,"href":"https:\/\/www.caririemacao.com\/1\/wp-json\/wp\/v2\/comments?post=100746"}],"version-history":[{"count":1,"href":"https:\/\/www.caririemacao.com\/1\/wp-json\/wp\/v2\/posts\/100746\/revisions"}],"predecessor-version":[{"id":100747,"href":"https:\/\/www.caririemacao.com\/1\/wp-json\/wp\/v2\/posts\/100746\/revisions\/100747"}],"wp:featuredmedia":[{"embeddable":true,"href":"https:\/\/www.caririemacao.com\/1\/wp-json\/wp\/v2\/media\/87642"}],"wp:attachment":[{"href":"https:\/\/www.caririemacao.com\/1\/wp-json\/wp\/v2\/media?parent=100746"}],"wp:term":[{"taxonomy":"category","embeddable":true,"href":"https:\/\/www.caririemacao.com\/1\/wp-json\/wp\/v2\/categories?post=100746"},{"taxonomy":"post_tag","embeddable":true,"href":"https:\/\/www.caririemacao.com\/1\/wp-json\/wp\/v2\/tags?post=100746"}],"curies":[{"name":"wp","href":"https:\/\/api.w.org\/{rel}","templated":true}]}}