{"id":100751,"date":"2019-06-18T06:36:17","date_gmt":"2019-06-18T09:36:17","guid":{"rendered":"http:\/\/www.caririemacao.com\/1\/?p=100751"},"modified":"2019-06-18T06:36:17","modified_gmt":"2019-06-18T09:36:17","slug":"veneziano-defende-que-realidade-social-do-brasil-seja-considerada-na-definicao-da-politica-precos-da-petrobras","status":"publish","type":"post","link":"https:\/\/www.caririemacao.com\/1\/2019\/06\/18\/veneziano-defende-que-realidade-social-do-brasil-seja-considerada-na-definicao-da-politica-precos-da-petrobras\/","title":{"rendered":"Veneziano defende que realidade social do Brasil seja considerada na defini\u00e7\u00e3o da pol\u00edtica pre\u00e7os da Petrobras"},"content":{"rendered":"\n<p>O Senador Veneziano Vital do R\u00eago (PSB-PB) questionou, em v\u00eddeo gravado direto de seu gabinete, em Bras\u00edlia, e publicado nas redes sociais, a pol\u00edtica de pre\u00e7os dos combust\u00edveis praticada pela Petrobras desde o ano passado, quando eclodiu o movimento dos caminhoneiros que questionaram a alt\u00edssima eleva\u00e7\u00e3o dos valores do diesel e demais combust\u00edveis.<\/p>\n\n\n\n<p>Veneziano disse que atrelar, \u00fanica e exclusivamente, os valores que s\u00e3o praticados e definidos pela Petrobras, aos valores do barril do petr\u00f3leo, que tem a sua fixa\u00e7\u00e3o no mercado externo, \u00e9 algo \u201cextremamente question\u00e1vel\u201d. Como titular da Comiss\u00e3o de Constitui\u00e7\u00e3o Justi\u00e7a e Cidadania (CCJ) e da Comiss\u00e3o de Assuntos Econ\u00f4micos (CAE), ele garantiu que vai propor um debate mais amplo e equilibrado sobre o tema.<\/p>\n\n\n\n<p>\u201cSe levarmos em considera\u00e7\u00e3o apenas a realidade Europeia, a realidade Norte Americana e a realidade de suas respectivas sociedades, como os seus povos se encontram em rela\u00e7\u00e3o \u00e0s suas situa\u00e7\u00f5es sociais, trazendo-as para a nossa realidade nacional, a diferen\u00e7a \u00e9 gritante\u201d, argumentou o Senador paraibano.<\/p>\n\n\n\n<p><strong>Brasil: Par\u00e2metro Principal \u2013&nbsp;<\/strong>Veneziano observou que, nos \u00faltimos anos, acelerou-se o processo de empobrecimento da popula\u00e7\u00e3o brasileira, visto que hoje existem mais de 50 milh\u00f5es de brasileiros classificados entre a pobreza e a extrema pobreza. \u201cPreocupa termos como refer\u00eancia e par\u00e2metros os valores fixados externamente. N\u00f3s n\u00e3o podemos virar as costas para uma situa\u00e7\u00e3o social local. Afinal de contas, aquilo que hoje n\u00f3s consumimos, tem embutido, em grande parte, o valor do combust\u00edvel\u201d.<\/p>\n\n\n\n<p>O Senador lembrou que o Brasil, equivocadamente, concentrou a circula\u00e7\u00e3o de mercadorias e riquezas pelo transporte terrestre, deixando de lado o transporte mar\u00edtimo e o transporte ferrovi\u00e1rio. Ele advoga a tese de uma pol\u00edtica que estabele\u00e7a pre\u00e7os, levando-se em conta a quest\u00e3o de mercado e par\u00e2metro internacional, mas tamb\u00e9m considerando as quest\u00f5es sociais do Brasil.<\/p>\n\n\n\n<p>\u201cA Petrobras \u00e9 uma empresa estatal de mercado aberto, essencialmente formada e mantida, nos \u00faltimos 70 anos, pela contribui\u00e7\u00e3o de todos n\u00f3s, brasileiros. Ela precisa, acima de tudo, ter esse vi\u00e9s de preocupa\u00e7\u00e3o com a situa\u00e7\u00e3o social que n\u00f3s atravessamos\u201d afirmou o parlamentar.<\/p>\n","protected":false},"excerpt":{"rendered":"<p>O Senador Veneziano Vital do R\u00eago (PSB-PB) questionou, em v\u00eddeo gravado direto de seu gabinete, em Bras\u00edlia, e publicado nas redes sociais, a pol\u00edtica de&hellip; <\/p>\n","protected":false},"author":1,"featured_media":86980,"comment_status":"closed","ping_status":"closed","sticky":false,"template":"","format":"standard","meta":{"sfsi_plus_gutenberg_text_before_share":"","sfsi_plus_gutenberg_show_text_before_share":"","sfsi_plus_gutenberg_icon_type":"","sfsi_plus_gutenberg_icon_alignemt":"","sfsi_plus_gutenburg_max_per_row":"","footnotes":""},"categories":[11],"tags":[],"class_list":["post-100751","post","type-post","status-publish","format-standard","has-post-thumbnail","hentry","category-politica"],"_links":{"self":[{"href":"https:\/\/www.caririemacao.com\/1\/wp-json\/wp\/v2\/posts\/100751","targetHints":{"allow":["GET"]}}],"collection":[{"href":"https:\/\/www.caririemacao.com\/1\/wp-json\/wp\/v2\/posts"}],"about":[{"href":"https:\/\/www.caririemacao.com\/1\/wp-json\/wp\/v2\/types\/post"}],"author":[{"embeddable":true,"href":"https:\/\/www.caririemacao.com\/1\/wp-json\/wp\/v2\/users\/1"}],"replies":[{"embeddable":true,"href":"https:\/\/www.caririemacao.com\/1\/wp-json\/wp\/v2\/comments?post=100751"}],"version-history":[{"count":1,"href":"https:\/\/www.caririemacao.com\/1\/wp-json\/wp\/v2\/posts\/100751\/revisions"}],"predecessor-version":[{"id":100752,"href":"https:\/\/www.caririemacao.com\/1\/wp-json\/wp\/v2\/posts\/100751\/revisions\/100752"}],"wp:featuredmedia":[{"embeddable":true,"href":"https:\/\/www.caririemacao.com\/1\/wp-json\/wp\/v2\/media\/86980"}],"wp:attachment":[{"href":"https:\/\/www.caririemacao.com\/1\/wp-json\/wp\/v2\/media?parent=100751"}],"wp:term":[{"taxonomy":"category","embeddable":true,"href":"https:\/\/www.caririemacao.com\/1\/wp-json\/wp\/v2\/categories?post=100751"},{"taxonomy":"post_tag","embeddable":true,"href":"https:\/\/www.caririemacao.com\/1\/wp-json\/wp\/v2\/tags?post=100751"}],"curies":[{"name":"wp","href":"https:\/\/api.w.org\/{rel}","templated":true}]}}