{"id":100762,"date":"2019-06-18T07:00:25","date_gmt":"2019-06-18T10:00:25","guid":{"rendered":"http:\/\/www.caririemacao.com\/1\/?p=100762"},"modified":"2019-06-18T07:00:25","modified_gmt":"2019-06-18T10:00:25","slug":"confirmado-12-caso-de-malaria-na-paraiba","status":"publish","type":"post","link":"https:\/\/www.caririemacao.com\/1\/2019\/06\/18\/confirmado-12-caso-de-malaria-na-paraiba\/","title":{"rendered":"Confirmado 12\u00b0 caso de mal\u00e1ria na Para\u00edba"},"content":{"rendered":"\n<p>A Secretaria de Sa\u00fade do munic\u00edpio do Conde confirmou,&nbsp; na manh\u00e3 desta ter\u00e7a-feira (18), o 12\u00b0 caso de mal\u00e1ria, no munic\u00edpio. O paciente \u00e9 um homem de 35 anos que reside no distrito de Gurugi 2, nas proximidades do rio que corre pela praia de Carapibus.&nbsp;<\/p>\n\n\n\n<p>N\u00e3o foi informado se o homem foi internado no Hospital Universit\u00e1rio Lauro Wanderley (HU), em Jo\u00e3o Pessoa.<\/p>\n\n\n\n<p>A Secretaria informou que segue com o trabalho de aplica\u00e7\u00f5es de inseticidas, fumac\u00ea e borrifa\u00e7\u00e3o espacial.<\/p>\n\n\n\n<p>Os casos da doen\u00e7a t\u00eam sido registrados no Conde, regi\u00e3o metropolitana de Jo\u00e3o Pessoa, desde abril deste ano.<\/p>\n","protected":false},"excerpt":{"rendered":"<p>A Secretaria de Sa\u00fade do munic\u00edpio do Conde confirmou,&nbsp; na manh\u00e3 desta ter\u00e7a-feira (18), o 12\u00b0 caso de mal\u00e1ria, no munic\u00edpio. O paciente \u00e9 um&hellip; <\/p>\n","protected":false},"author":1,"featured_media":9133,"comment_status":"closed","ping_status":"closed","sticky":false,"template":"","format":"standard","meta":{"sfsi_plus_gutenberg_text_before_share":"","sfsi_plus_gutenberg_show_text_before_share":"","sfsi_plus_gutenberg_icon_type":"","sfsi_plus_gutenberg_icon_alignemt":"","sfsi_plus_gutenburg_max_per_row":"","footnotes":""},"categories":[16],"tags":[],"class_list":["post-100762","post","type-post","status-publish","format-standard","has-post-thumbnail","hentry","category-saude"],"_links":{"self":[{"href":"https:\/\/www.caririemacao.com\/1\/wp-json\/wp\/v2\/posts\/100762","targetHints":{"allow":["GET"]}}],"collection":[{"href":"https:\/\/www.caririemacao.com\/1\/wp-json\/wp\/v2\/posts"}],"about":[{"href":"https:\/\/www.caririemacao.com\/1\/wp-json\/wp\/v2\/types\/post"}],"author":[{"embeddable":true,"href":"https:\/\/www.caririemacao.com\/1\/wp-json\/wp\/v2\/users\/1"}],"replies":[{"embeddable":true,"href":"https:\/\/www.caririemacao.com\/1\/wp-json\/wp\/v2\/comments?post=100762"}],"version-history":[{"count":1,"href":"https:\/\/www.caririemacao.com\/1\/wp-json\/wp\/v2\/posts\/100762\/revisions"}],"predecessor-version":[{"id":100763,"href":"https:\/\/www.caririemacao.com\/1\/wp-json\/wp\/v2\/posts\/100762\/revisions\/100763"}],"wp:featuredmedia":[{"embeddable":true,"href":"https:\/\/www.caririemacao.com\/1\/wp-json\/wp\/v2\/media\/9133"}],"wp:attachment":[{"href":"https:\/\/www.caririemacao.com\/1\/wp-json\/wp\/v2\/media?parent=100762"}],"wp:term":[{"taxonomy":"category","embeddable":true,"href":"https:\/\/www.caririemacao.com\/1\/wp-json\/wp\/v2\/categories?post=100762"},{"taxonomy":"post_tag","embeddable":true,"href":"https:\/\/www.caririemacao.com\/1\/wp-json\/wp\/v2\/tags?post=100762"}],"curies":[{"name":"wp","href":"https:\/\/api.w.org\/{rel}","templated":true}]}}