{"id":100774,"date":"2019-06-18T11:56:32","date_gmt":"2019-06-18T14:56:32","guid":{"rendered":"http:\/\/www.caririemacao.com\/1\/?p=100774"},"modified":"2019-06-18T11:56:32","modified_gmt":"2019-06-18T14:56:32","slug":"cavalgada-junina-sera-realizada-no-proximo-domingo-na-cidade-de-monteiro","status":"publish","type":"post","link":"https:\/\/www.caririemacao.com\/1\/2019\/06\/18\/cavalgada-junina-sera-realizada-no-proximo-domingo-na-cidade-de-monteiro\/","title":{"rendered":"Cavalgada Junina ser\u00e1 realizada no pr\u00f3ximo domingo na cidade de Monteiro"},"content":{"rendered":"\n<p>Dentro da programa\u00e7\u00e3o das festas juninas de Monteiro, a prefeitura municipal e os cavaleiros da regi\u00e3o realizam no pr\u00f3ximo dia 23, domingo, a Cavalgada Junina.<\/p>\n\n\n\n<p>O evento ter\u00e1 os cavaleiros saindo da Embrapa as 9 h, passando pela rua com destino ao Parque Santa Terezinha no s\u00edtio Bom Jesus, retornando inicio da tarde para cidade.O percurso total \u00e9 de 11 km.<\/p>\n\n\n\n<p>De acordo com o vereador Caj\u00f3 Menezes, um dos coordenadores do evento, haver\u00e1 trio de forr\u00f3 p\u00e9 de serra acompanhando a cavalgada at\u00e9 o final do percurso e tamb\u00e9m ser\u00e1 servido um grande caf\u00e9 da manh\u00e3 na concentra\u00e7\u00e3o antes da sa\u00edda.<\/p>\n\n\n\n<p>A Cavalgada junina \u00e9 uma realiza\u00e7\u00e3o da Prefeitura Municipal de Monteiro atrav\u00e9s da Secretaria de Cultura, e da equipe comandada pela secret\u00e1ria Christianne Leal.<\/p>\n","protected":false},"excerpt":{"rendered":"<p>Dentro da programa\u00e7\u00e3o das festas juninas de Monteiro, a prefeitura municipal e os cavaleiros da regi\u00e3o realizam no pr\u00f3ximo dia 23, domingo, a Cavalgada Junina.&hellip; <\/p>\n","protected":false},"author":1,"featured_media":100775,"comment_status":"closed","ping_status":"closed","sticky":false,"template":"","format":"standard","meta":{"sfsi_plus_gutenberg_text_before_share":"","sfsi_plus_gutenberg_show_text_before_share":"","sfsi_plus_gutenberg_icon_type":"","sfsi_plus_gutenberg_icon_alignemt":"","sfsi_plus_gutenburg_max_per_row":"","footnotes":""},"categories":[6,50],"tags":[],"class_list":["post-100774","post","type-post","status-publish","format-standard","has-post-thumbnail","hentry","category-cidades","category-destaque"],"_links":{"self":[{"href":"https:\/\/www.caririemacao.com\/1\/wp-json\/wp\/v2\/posts\/100774","targetHints":{"allow":["GET"]}}],"collection":[{"href":"https:\/\/www.caririemacao.com\/1\/wp-json\/wp\/v2\/posts"}],"about":[{"href":"https:\/\/www.caririemacao.com\/1\/wp-json\/wp\/v2\/types\/post"}],"author":[{"embeddable":true,"href":"https:\/\/www.caririemacao.com\/1\/wp-json\/wp\/v2\/users\/1"}],"replies":[{"embeddable":true,"href":"https:\/\/www.caririemacao.com\/1\/wp-json\/wp\/v2\/comments?post=100774"}],"version-history":[{"count":1,"href":"https:\/\/www.caririemacao.com\/1\/wp-json\/wp\/v2\/posts\/100774\/revisions"}],"predecessor-version":[{"id":100776,"href":"https:\/\/www.caririemacao.com\/1\/wp-json\/wp\/v2\/posts\/100774\/revisions\/100776"}],"wp:featuredmedia":[{"embeddable":true,"href":"https:\/\/www.caririemacao.com\/1\/wp-json\/wp\/v2\/media\/100775"}],"wp:attachment":[{"href":"https:\/\/www.caririemacao.com\/1\/wp-json\/wp\/v2\/media?parent=100774"}],"wp:term":[{"taxonomy":"category","embeddable":true,"href":"https:\/\/www.caririemacao.com\/1\/wp-json\/wp\/v2\/categories?post=100774"},{"taxonomy":"post_tag","embeddable":true,"href":"https:\/\/www.caririemacao.com\/1\/wp-json\/wp\/v2\/tags?post=100774"}],"curies":[{"name":"wp","href":"https:\/\/api.w.org\/{rel}","templated":true}]}}