{"id":100781,"date":"2019-06-18T12:00:39","date_gmt":"2019-06-18T15:00:39","guid":{"rendered":"http:\/\/www.caririemacao.com\/1\/?p=100781"},"modified":"2019-06-18T12:00:39","modified_gmt":"2019-06-18T15:00:39","slug":"bandidos-ateiam-fogo-na-casa-de-usuario-de-drogas-em-cidade-do-cariri","status":"publish","type":"post","link":"https:\/\/www.caririemacao.com\/1\/2019\/06\/18\/bandidos-ateiam-fogo-na-casa-de-usuario-de-drogas-em-cidade-do-cariri\/","title":{"rendered":"Bandidos ateiam fogo na casa de usu\u00e1rio de drogas em cidade do Cariri"},"content":{"rendered":"\n<div class=\"wp-block-image\"><figure class=\"alignleft\"><img decoding=\"async\" data-src=\"https:\/\/i2.wp.com\/www.vitrinedocariri.com.br\/wp-content\/uploads\/2019\/03\/sirene_policia.jpg?zoom=2&amp;resize=330%2C220&amp;ssl=1\" alt=\"\" class=\"wp-image-39248 lazyload\" src=\"data:image\/svg+xml;base64,PHN2ZyB3aWR0aD0iMSIgaGVpZ2h0PSIxIiB4bWxucz0iaHR0cDovL3d3dy53My5vcmcvMjAwMC9zdmciPjwvc3ZnPg==\" \/><\/figure><\/div>\n\n\n\n<p>Durante a madrugada desta ter\u00e7a-feira (18), a popula\u00e7\u00e3o procurou a pol\u00edcia para informar de um inc\u00eandio na rua Jo\u00e3o Pinto Barbosa, no bairro S\u00e3o Jos\u00e9. As chamas atingiram a casa de um prov\u00e1vel usu\u00e1rio de drogas residente na comunidade conhecido como Caneleira.<\/p>\n\n\n\n<p>As pol\u00edcias fizeram rondas no bairro e ainda conseguiram apagar as chamas. Segundo informa\u00e7\u00f5es extra-oficiais, dois indiv\u00edduos seriam os respons\u00e1veis pelo ato.<\/p>\n\n\n\n<p>Os moradores relatam constantemente do medo de casos de viol\u00eancia, assaltos e roubos em bairros e conjuntos de Tapero\u00e1.<\/p>\n","protected":false},"excerpt":{"rendered":"<p>Durante a madrugada desta ter\u00e7a-feira (18), a popula\u00e7\u00e3o procurou a pol\u00edcia para informar de um inc\u00eandio na rua Jo\u00e3o Pinto Barbosa, no bairro S\u00e3o Jos\u00e9.&hellip; <\/p>\n","protected":false},"author":1,"featured_media":90287,"comment_status":"closed","ping_status":"closed","sticky":false,"template":"","format":"standard","meta":{"sfsi_plus_gutenberg_text_before_share":"","sfsi_plus_gutenberg_show_text_before_share":"","sfsi_plus_gutenberg_icon_type":"","sfsi_plus_gutenberg_icon_alignemt":"","sfsi_plus_gutenburg_max_per_row":"","footnotes":""},"categories":[50,12],"tags":[],"class_list":["post-100781","post","type-post","status-publish","format-standard","has-post-thumbnail","hentry","category-destaque","category-policia"],"_links":{"self":[{"href":"https:\/\/www.caririemacao.com\/1\/wp-json\/wp\/v2\/posts\/100781","targetHints":{"allow":["GET"]}}],"collection":[{"href":"https:\/\/www.caririemacao.com\/1\/wp-json\/wp\/v2\/posts"}],"about":[{"href":"https:\/\/www.caririemacao.com\/1\/wp-json\/wp\/v2\/types\/post"}],"author":[{"embeddable":true,"href":"https:\/\/www.caririemacao.com\/1\/wp-json\/wp\/v2\/users\/1"}],"replies":[{"embeddable":true,"href":"https:\/\/www.caririemacao.com\/1\/wp-json\/wp\/v2\/comments?post=100781"}],"version-history":[{"count":1,"href":"https:\/\/www.caririemacao.com\/1\/wp-json\/wp\/v2\/posts\/100781\/revisions"}],"predecessor-version":[{"id":100782,"href":"https:\/\/www.caririemacao.com\/1\/wp-json\/wp\/v2\/posts\/100781\/revisions\/100782"}],"wp:featuredmedia":[{"embeddable":true,"href":"https:\/\/www.caririemacao.com\/1\/wp-json\/wp\/v2\/media\/90287"}],"wp:attachment":[{"href":"https:\/\/www.caririemacao.com\/1\/wp-json\/wp\/v2\/media?parent=100781"}],"wp:term":[{"taxonomy":"category","embeddable":true,"href":"https:\/\/www.caririemacao.com\/1\/wp-json\/wp\/v2\/categories?post=100781"},{"taxonomy":"post_tag","embeddable":true,"href":"https:\/\/www.caririemacao.com\/1\/wp-json\/wp\/v2\/tags?post=100781"}],"curies":[{"name":"wp","href":"https:\/\/api.w.org\/{rel}","templated":true}]}}