{"id":100784,"date":"2019-06-18T12:02:19","date_gmt":"2019-06-18T15:02:19","guid":{"rendered":"http:\/\/www.caririemacao.com\/1\/?p=100784"},"modified":"2019-06-18T12:02:19","modified_gmt":"2019-06-18T15:02:19","slug":"prefeitura-de-monteiro-atende-mais-de-80-das-demandas-solicitadas-no-dialogando-com-o-povo","status":"publish","type":"post","link":"https:\/\/www.caririemacao.com\/1\/2019\/06\/18\/prefeitura-de-monteiro-atende-mais-de-80-das-demandas-solicitadas-no-dialogando-com-o-povo\/","title":{"rendered":"Prefeitura de Monteiro atende mais de 80% das demandas solicitadas no \u2018Dialogando Com o Povo\u2019"},"content":{"rendered":"\n<p>A Prefeitura de Monteiro atendeu mais de 80% das demandas solicitadas durante as plen\u00e1rias do Projeto \u201cDialogando com o Povo\u201d, realizadas entre os meses de janeiro e maio de 2019, em diversas comunidades da zona rural do munic\u00edpio.<\/p>\n\n\n\n<p>No tocante a Secretaria Municipal de Agricultura, foi realizada a manuten\u00e7\u00e3o de v\u00e1rias estradas e tapa buracos e continua o cronograma para finalizar todas as estradas do munic\u00edpio. Tamb\u00e9m foram realizadas passagens molhadas nas comunidades de Tanques, Serrote e as demais est\u00e3o na programa\u00e7\u00e3o.<\/p>\n\n\n\n<p>A Secretaria ainda disponibilizou 200 carros pipas, al\u00e9m do in\u00edcio para instala\u00e7\u00e3o de dessanilizadores em parceria com o PROCASE, nas comunidades de Bredos, Mulungu e Pitombeira, sendo que nesta \u00faltima, j\u00e1 est\u00e1 em fase de implanta\u00e7\u00e3o. Foram realizados ainda o conserto de 130 po\u00e7os e cata-ventos e 20 eletrobombas, a perfura\u00e7\u00e3o de 10 po\u00e7os, limpezas de barreiros e cacimbas, distribui\u00e7\u00e3o de 120 mil raquetes de palmas, servi\u00e7os de forrageiras, ara\u00e7\u00e3o de terras beneficiando 103 pessoas, atendimento aos pequenos produtores nas Comunidades do Tingu\u00ed e Pocinhos pelo Servi\u00e7o de Inspe\u00e7\u00e3o Municipal \u2013 SIM, e a reposi\u00e7\u00e3o e instala\u00e7\u00e3o de 523 l\u00e2mpadas, 125 lumin\u00e1rias e 150 rel\u00e9s.<\/p>\n\n\n\n<p>J\u00e1 atrav\u00e9s da Secretaria de Planejamento, est\u00e3o em execu\u00e7\u00e3o a constru\u00e7\u00e3o de 95 cisternas e em fase de conclus\u00e3o o projeto para constru\u00e7\u00e3o de 42 banheiros.<\/p>\n\n\n\n<p>Na educa\u00e7\u00e3o, a prefeitura realizou a reforma da Escola da comunidade do Garapa, instala\u00e7\u00e3o de internet na escola de Cacimba de Cima e em andamento a coloca\u00e7\u00e3o de refletores nas quadras esportivas da zona rural.<\/p>\n\n\n\n<p>Na sa\u00fade, j\u00e1 foram realizados 100 atendimentos de mamografias, ultrassonografias, encaminhamentos para especialistas e exames laboratoriais, 156 atendimentos odontol\u00f3gicos em sete comunidades, al\u00e9m de vacinas: 50 DT, 30 HPB, 20 influenzas e 05 FA.<\/p>\n\n\n\n<p>A Secret\u00e1ria de Sa\u00fade, Ana Paula, informou que apenas um PSF est\u00e1 descoberto h\u00e1 15 dias devido \u00e0 falta de m\u00e9dicos para contratar, por\u00e9m est\u00e1 sendo realizado rod\u00edzio no atendimento m\u00e9dico para n\u00e3o deixar a comunidade desassistida. Ela ainda informou que todas demais \u00e1reas est\u00e3o com atendimento m\u00e9dicos, incluindo as \u00e2ncoras.<\/p>\n\n\n\n<p>A Secret\u00e1ria Ana Paula ainda informou que a comunidade do S\u00edtio do Meio e Santa Catarina, atrav\u00e9s dos presidentes das Associa\u00e7\u00f5es das respectivas comunidades, solicitaram atendimento na comunidade, sugerindo inclusive o local que, imediatamente a prefeita Ana Lorena se prontificou em realizar a cada dois meses uma feira de sa\u00fade no local indicado.<\/p>\n\n\n\n<p>Na A\u00e7\u00e3o Social, foram disponibilizados cursos profissionalizantes, distribui\u00e7\u00e3o de alimentos, Programa Crian\u00e7a Feliz, atendimento do Programa Bolsa Fam\u00edlia, Emiss\u00e3o de Documentos pessoas (RG, CTPS), abordagem pelo CREAS e atendimentos psicol\u00f3gicos e jur\u00eddicos.<\/p>\n\n\n\n<p>\u201cRealizamos as plen\u00e1rias do dialogando com o povo em diversas comunidades ouvindo a popula\u00e7\u00e3o, e prontamente estamos atendendo todos os pedidos que foram realizados nesse primeiro semestre, chegando ao atendimento de mais de 80% dessas demandas, e essa resposta que a gente tem dado, com trabalho, com efici\u00eancia e compromisso com a popula\u00e7\u00e3o, para juntos fazermos uma Monteiro cada vez melhor\u201d, disse a prefeita Anna Lorena.<\/p>\n","protected":false},"excerpt":{"rendered":"<p>A Prefeitura de Monteiro atendeu mais de 80% das demandas solicitadas durante as plen\u00e1rias do Projeto \u201cDialogando com o Povo\u201d, realizadas entre os meses de&hellip; <\/p>\n","protected":false},"author":1,"featured_media":100785,"comment_status":"closed","ping_status":"closed","sticky":false,"template":"","format":"standard","meta":{"sfsi_plus_gutenberg_text_before_share":"","sfsi_plus_gutenberg_show_text_before_share":"","sfsi_plus_gutenberg_icon_type":"","sfsi_plus_gutenberg_icon_alignemt":"","sfsi_plus_gutenburg_max_per_row":"","footnotes":""},"categories":[2],"tags":[],"class_list":["post-100784","post","type-post","status-publish","format-standard","has-post-thumbnail","hentry","category-geral"],"_links":{"self":[{"href":"https:\/\/www.caririemacao.com\/1\/wp-json\/wp\/v2\/posts\/100784","targetHints":{"allow":["GET"]}}],"collection":[{"href":"https:\/\/www.caririemacao.com\/1\/wp-json\/wp\/v2\/posts"}],"about":[{"href":"https:\/\/www.caririemacao.com\/1\/wp-json\/wp\/v2\/types\/post"}],"author":[{"embeddable":true,"href":"https:\/\/www.caririemacao.com\/1\/wp-json\/wp\/v2\/users\/1"}],"replies":[{"embeddable":true,"href":"https:\/\/www.caririemacao.com\/1\/wp-json\/wp\/v2\/comments?post=100784"}],"version-history":[{"count":1,"href":"https:\/\/www.caririemacao.com\/1\/wp-json\/wp\/v2\/posts\/100784\/revisions"}],"predecessor-version":[{"id":100786,"href":"https:\/\/www.caririemacao.com\/1\/wp-json\/wp\/v2\/posts\/100784\/revisions\/100786"}],"wp:featuredmedia":[{"embeddable":true,"href":"https:\/\/www.caririemacao.com\/1\/wp-json\/wp\/v2\/media\/100785"}],"wp:attachment":[{"href":"https:\/\/www.caririemacao.com\/1\/wp-json\/wp\/v2\/media?parent=100784"}],"wp:term":[{"taxonomy":"category","embeddable":true,"href":"https:\/\/www.caririemacao.com\/1\/wp-json\/wp\/v2\/categories?post=100784"},{"taxonomy":"post_tag","embeddable":true,"href":"https:\/\/www.caririemacao.com\/1\/wp-json\/wp\/v2\/tags?post=100784"}],"curies":[{"name":"wp","href":"https:\/\/api.w.org\/{rel}","templated":true}]}}