{"id":100807,"date":"2019-06-18T12:07:53","date_gmt":"2019-06-18T15:07:53","guid":{"rendered":"http:\/\/www.caririemacao.com\/1\/?p=100807"},"modified":"2019-06-18T12:07:53","modified_gmt":"2019-06-18T15:07:53","slug":"quem-quer-levar-mais-de-10-kg-na-mala-que-pague-afirma-bolsonaro","status":"publish","type":"post","link":"https:\/\/www.caririemacao.com\/1\/2019\/06\/18\/quem-quer-levar-mais-de-10-kg-na-mala-que-pague-afirma-bolsonaro\/","title":{"rendered":"Quem quer levar mais de 10 kg na mala, que pague, afirma Bolsonaro"},"content":{"rendered":"\n<p>Um dia ap\u00f3s&nbsp;<a href=\"https:\/\/paraibaonline.com.br\/2019\/06\/presidente-veta-isencao-de-cobranca-de-bagagem-em-voos-domesticos\/\">vetar a gratuidade das bagagens em voos dom\u00e9sticos<\/a>, o presidente Jair Bolsonaro (PSL) argumentou que o passageiro que quiser carregar mais de dez quilos em viagens nacionais deve pagar por isso e que o objetivo da medida \u00e9 aumentar a concorr\u00eancia no setor a\u00e9reo.<\/p>\n\n\n\n<p>Bolsonaro falou com jornalistas ap\u00f3s cerim\u00f4nia de hasteamento da bandeira nacional. O presidente afirmou que a decis\u00e3o foi tomada porque empresas menores diziam que a gratuidade seria um empecilho para elas.<\/p>\n\n\n\n<p>\u201cAt\u00e9 10 quilos est\u00e1 liberado. Com todo respeito, quem fizer uma viagem e quer levar mais de 10 quilos, se quer levar mais de 10 quilos, pague\u201d, ressaltou.<\/p>\n\n\n\n<p>Bolsonaro disse ainda que sempre viajou sem malas e que acabava pagando pelos que levavam bagagem gratuitamente. \u201cVoc\u00ea est\u00e1 pagando R$ 500 a passagem, eu paguei R$ 1.500. A diferen\u00e7a de R$ 1.000, esse \u00e9 o grande problema que n\u00f3s temos\u201d, afirmou.<\/p>\n\n\n\n<p>Na segunda (17), ao vetar a gratuidade das bagagens em voos dom\u00e9sticos, Bolsonaro apontou \u201craz\u00f5es de interesse p\u00fablico e viola\u00e7\u00e3o ao devido processo legislativo\u201d. O prazo para san\u00e7\u00e3o da MP se esgotava na segunda.<\/p>\n\n\n\n<p>Antes de decidir vetar, Bolsonaro havia cogitado sancionar integralmente a medida que libera 100% do capital de companhias a\u00e9reas a empresas estrangeiras. No entanto, foi aconselhado pela equipe econ\u00f4mica a vetar o trecho para estimular o aumento de competitividade do mercado.<\/p>\n\n\n\n<p>Especialistas do setor afirmavam que a gratuidade das bagagens impediria a entrada de empresas de baixo custo no pa\u00eds, em meio \u00e0 crise da Avianca, que entrou com pedido de recupera\u00e7\u00e3o judicial no final do ano passado e cancelou uma s\u00e9rie de voos no pa\u00eds.<\/p>\n\n\n\n<p>A medida provis\u00f3ria (MP) que abre 100% do setor a\u00e9reo ao capital estrangeiro foi apresentada pelo governo de Michel Temer e aprovada pelo Congresso em maio. As empresas a\u00e9reas no Brasil permanecem autorizadas a cobrar pela bagagem despachada desde dezembro de 2016, quando a Anac (Ag\u00eancia Nacional de Avia\u00e7\u00e3o Civil) editou uma resolu\u00e7\u00e3o sobre o tema.<\/p>\n\n\n\n<p>Os passageiros podem levar sem pagar apenas 10 kg em bagagem de m\u00e3o nas rotas nacionais.<\/p>\n\n\n\n<p>A MP das a\u00e9reas estabeleceu que a franquia m\u00ednima de bagagem despachada deve ser de 23 kg para as aeronaves com mais de 31 assentos. Para os avi\u00f5es menores, a franquia ser\u00e1 de 18 kg (at\u00e9 31 assentos) e de 10 kg (at\u00e9 20 lugares).<\/p>\n","protected":false},"excerpt":{"rendered":"<p>Um dia ap\u00f3s&nbsp;vetar a gratuidade das bagagens em voos dom\u00e9sticos, o presidente Jair Bolsonaro (PSL) argumentou que o passageiro que quiser carregar mais de dez&hellip; <\/p>\n","protected":false},"author":1,"featured_media":100808,"comment_status":"closed","ping_status":"closed","sticky":false,"template":"","format":"standard","meta":{"sfsi_plus_gutenberg_text_before_share":"","sfsi_plus_gutenberg_show_text_before_share":"","sfsi_plus_gutenberg_icon_type":"","sfsi_plus_gutenberg_icon_alignemt":"","sfsi_plus_gutenburg_max_per_row":"","footnotes":""},"categories":[11],"tags":[],"class_list":["post-100807","post","type-post","status-publish","format-standard","has-post-thumbnail","hentry","category-politica"],"_links":{"self":[{"href":"https:\/\/www.caririemacao.com\/1\/wp-json\/wp\/v2\/posts\/100807","targetHints":{"allow":["GET"]}}],"collection":[{"href":"https:\/\/www.caririemacao.com\/1\/wp-json\/wp\/v2\/posts"}],"about":[{"href":"https:\/\/www.caririemacao.com\/1\/wp-json\/wp\/v2\/types\/post"}],"author":[{"embeddable":true,"href":"https:\/\/www.caririemacao.com\/1\/wp-json\/wp\/v2\/users\/1"}],"replies":[{"embeddable":true,"href":"https:\/\/www.caririemacao.com\/1\/wp-json\/wp\/v2\/comments?post=100807"}],"version-history":[{"count":1,"href":"https:\/\/www.caririemacao.com\/1\/wp-json\/wp\/v2\/posts\/100807\/revisions"}],"predecessor-version":[{"id":100809,"href":"https:\/\/www.caririemacao.com\/1\/wp-json\/wp\/v2\/posts\/100807\/revisions\/100809"}],"wp:featuredmedia":[{"embeddable":true,"href":"https:\/\/www.caririemacao.com\/1\/wp-json\/wp\/v2\/media\/100808"}],"wp:attachment":[{"href":"https:\/\/www.caririemacao.com\/1\/wp-json\/wp\/v2\/media?parent=100807"}],"wp:term":[{"taxonomy":"category","embeddable":true,"href":"https:\/\/www.caririemacao.com\/1\/wp-json\/wp\/v2\/categories?post=100807"},{"taxonomy":"post_tag","embeddable":true,"href":"https:\/\/www.caririemacao.com\/1\/wp-json\/wp\/v2\/tags?post=100807"}],"curies":[{"name":"wp","href":"https:\/\/api.w.org\/{rel}","templated":true}]}}