{"id":100814,"date":"2019-06-18T12:14:19","date_gmt":"2019-06-18T15:14:19","guid":{"rendered":"http:\/\/www.caririemacao.com\/1\/?p=100814"},"modified":"2019-06-18T12:14:19","modified_gmt":"2019-06-18T15:14:19","slug":"sebrae-pb-mei-que-tiver-contribuicoes-vencidas-no-dia-20-deve-antecipar-o-pagamento","status":"publish","type":"post","link":"https:\/\/www.caririemacao.com\/1\/2019\/06\/18\/sebrae-pb-mei-que-tiver-contribuicoes-vencidas-no-dia-20-deve-antecipar-o-pagamento\/","title":{"rendered":"Sebrae-PB: MEI que tiver contribui\u00e7\u00f5es vencidas no dia 20 deve antecipar o pagamento"},"content":{"rendered":"\n<p><br>Os Microempreendedores Individuais (MEI) que tiverem suas contribui\u00e7\u00f5es vencidas na quinta-feira (20), feriado de Corpus Christi, dever\u00e3o antecipar o pagamento para at\u00e9 o dia 19 (quarta-feira) e n\u00e3o deixar para efetuar posteriormente \u00e0 data.<\/p>\n\n\n\n<p>Quando vencidos em finais de semana ou feriados, os impostos devem ser recolhidos nos dias \u00fateis anteriores. A quita\u00e7\u00e3o mensal da contribui\u00e7\u00e3o do MEI \u00e9 obrigat\u00f3ria. O pagamento \u00e9 feito por meio do Documento de Arrecada\u00e7\u00e3o do Simples Nacional (DAS).<\/p>\n\n\n\n<figure class=\"wp-block-image\"><img decoding=\"async\" data-src=\"https:\/\/paraibaonline.com.br\/wp-content\/uploads\/2019\/06\/mei1806.jpg\" alt=\"Foto: Reprodu\u00e7\u00e3o\" class=\"wp-image-745457 lazyload\" src=\"data:image\/svg+xml;base64,PHN2ZyB3aWR0aD0iMSIgaGVpZ2h0PSIxIiB4bWxucz0iaHR0cDovL3d3dy53My5vcmcvMjAwMC9zdmciPjwvc3ZnPg==\" \/><\/figure>\n\n\n\n<p>Foto: Reprodu\u00e7\u00e3o<\/p>\n\n\n\n<p>A contribui\u00e7\u00e3o mensal \u00e9 a garantia que o Microempreendedor Individual tem para conseguir todos os benef\u00edcios, como os previdenci\u00e1rios, por exemplo.<\/p>\n\n\n\n<p>Al\u00e9m de um valor reduzido, o imposto \u00e9 fixo e pode ser colocado no controle de gastos do empres\u00e1rio.<\/p>\n\n\n\n<p>O MEI inativo ou que teve receita zero tamb\u00e9m est\u00e1 obrigado a pagar o valor mensal previsto pelo Simei, porque ele independente do exerc\u00edcio de atividade e do volume de receita.<\/p>\n\n\n\n<p>O MEI dever\u00e1 recolher os valores da contribui\u00e7\u00e3o mensal por meio de uma das v\u00e1rias op\u00e7\u00f5es: emitir o DASMEI por meio do respectivo Programa Gerador (PGMEI), do APP do MEI para celular, do Totem Sebrae, efetuar o pagamento on line ou incluir em D\u00e9bito Autom\u00e1tico, que \u00e9 uma funcionalidade desenvolvida no Portal do Simples Nacional que permite ao Microempreendedor Individual fazer o pagamento debitando de sua conta-corrente de pessoa F\u00edsica ou jur\u00eddica.<\/p>\n\n\n\n<p>Para mais informa\u00e7\u00f5es, o microempreendedor pode entrar em contato com a unidade do Sebrae Para\u00edba mais pr\u00f3xima ou entrar em contato pelo n\u00famero&nbsp;0800 570 0800<\/p>\n","protected":false},"excerpt":{"rendered":"<p>Os Microempreendedores Individuais (MEI) que tiverem suas contribui\u00e7\u00f5es vencidas na quinta-feira (20), feriado de Corpus Christi, dever\u00e3o antecipar o pagamento para at\u00e9 o dia 19&hellip; <\/p>\n","protected":false},"author":1,"featured_media":100815,"comment_status":"closed","ping_status":"closed","sticky":false,"template":"","format":"standard","meta":{"sfsi_plus_gutenberg_text_before_share":"","sfsi_plus_gutenberg_show_text_before_share":"","sfsi_plus_gutenberg_icon_type":"","sfsi_plus_gutenberg_icon_alignemt":"","sfsi_plus_gutenburg_max_per_row":"","footnotes":""},"categories":[50,2],"tags":[],"class_list":["post-100814","post","type-post","status-publish","format-standard","has-post-thumbnail","hentry","category-destaque","category-geral"],"_links":{"self":[{"href":"https:\/\/www.caririemacao.com\/1\/wp-json\/wp\/v2\/posts\/100814","targetHints":{"allow":["GET"]}}],"collection":[{"href":"https:\/\/www.caririemacao.com\/1\/wp-json\/wp\/v2\/posts"}],"about":[{"href":"https:\/\/www.caririemacao.com\/1\/wp-json\/wp\/v2\/types\/post"}],"author":[{"embeddable":true,"href":"https:\/\/www.caririemacao.com\/1\/wp-json\/wp\/v2\/users\/1"}],"replies":[{"embeddable":true,"href":"https:\/\/www.caririemacao.com\/1\/wp-json\/wp\/v2\/comments?post=100814"}],"version-history":[{"count":1,"href":"https:\/\/www.caririemacao.com\/1\/wp-json\/wp\/v2\/posts\/100814\/revisions"}],"predecessor-version":[{"id":100816,"href":"https:\/\/www.caririemacao.com\/1\/wp-json\/wp\/v2\/posts\/100814\/revisions\/100816"}],"wp:featuredmedia":[{"embeddable":true,"href":"https:\/\/www.caririemacao.com\/1\/wp-json\/wp\/v2\/media\/100815"}],"wp:attachment":[{"href":"https:\/\/www.caririemacao.com\/1\/wp-json\/wp\/v2\/media?parent=100814"}],"wp:term":[{"taxonomy":"category","embeddable":true,"href":"https:\/\/www.caririemacao.com\/1\/wp-json\/wp\/v2\/categories?post=100814"},{"taxonomy":"post_tag","embeddable":true,"href":"https:\/\/www.caririemacao.com\/1\/wp-json\/wp\/v2\/tags?post=100814"}],"curies":[{"name":"wp","href":"https:\/\/api.w.org\/{rel}","templated":true}]}}