{"id":100833,"date":"2019-06-18T12:22:16","date_gmt":"2019-06-18T15:22:16","guid":{"rendered":"http:\/\/www.caririemacao.com\/1\/?p=100833"},"modified":"2019-06-18T12:22:16","modified_gmt":"2019-06-18T15:22:16","slug":"galdino-elogia-joao-e-diz-que-ldo-sera-aprovada-com-consenso","status":"publish","type":"post","link":"https:\/\/www.caririemacao.com\/1\/2019\/06\/18\/galdino-elogia-joao-e-diz-que-ldo-sera-aprovada-com-consenso\/","title":{"rendered":"Galdino elogia Jo\u00e3o e diz que LDO ser\u00e1 aprovada com consenso"},"content":{"rendered":"\n<p>O presidente da Assembleia Legislativa da Para\u00edba (ALPB), Adriano Galdino (PSB), avaliou positivamente o primeiro semestre de trabalho da nova legislatura e destacou a vota\u00e7\u00e3o da Lei de Diretrizes Or\u00e7ament\u00e1rias (LDO) 2020, nesta ter\u00e7a-feira (18).<\/p>\n\n\n\n<p>Para Galdino, \u201cdepois de muito tempo\u201d, a LDO ser\u00e1 aprovada em harmonia com os Poderes. A LDO antecede e orienta a elabora\u00e7\u00e3o da Lei Or\u00e7ament\u00e1ria Anual (LOA). \u201cO governador [Jo\u00e3o Azev\u00eado] abriu o di\u00e1logo com os Poderes, fez o consenso e isso \u00e9 muito importante porque vamos votar a LDO de forma consensual depois de muito tempo\u201d.<\/p>\n\n\n\n<p>Sobre o or\u00e7amento impositivo, Adriano Galdino disse que ainda busca um consenso com o governador Jo\u00e3o Azev\u00eado para dar prosseguimento a mat\u00e9ria na Casa e por isso a discuss\u00e3o deve ser retomada no segundo semestre.<\/p>\n\n\n\n<p>\u201cAinda estou buscando um consenso. \u00c9 importante que a impositiva seja aprovada, mas tamb\u00e9m \u00e9 importante que entremos em consenso com o Estado para que servi\u00e7os essenciais, como Sa\u00fade e Educa\u00e7\u00e3o, n\u00e3o sejam afetados\u201d, comentou.<\/p>\n\n\n\n<p>Caso a proposta seja aprovada em plen\u00e1rio, o governador do Estado ficar\u00e1 obrigado a executar as emendas apresentadas pelos deputados ao or\u00e7amento, at\u00e9 o limite de 1,2% da Receita Corrente L\u00edquida.<\/p>\n\n\n\n<p>\u201cJo\u00e3o \u00e9 um homem da conversa, do di\u00e1logo, do convencimento, acho que ele vai entender que \u00e9 bom para ele como gestor, ser o construtor dessa nova fase, desse novo di\u00e1logo com o parlamento. Vai marcar um novo comportamento do governador com a casa legislativa\u201d.<\/p>\n\n\n\n<p><strong>LDO 2020<\/strong><\/p>\n\n\n\n<p>O projeto da Lei de Diretrizes Or\u00e7ament\u00e1rias para a elabora\u00e7\u00e3o do or\u00e7amento de 2020, encaminhado pelo Executivo para a Assembleia Legislativa, prev\u00ea uma despesa corrente de R$ 11,2 bilh\u00f5es. As tabelas mostram previs\u00f5es de or\u00e7amentos tamb\u00e9m para os anos seguintes, sendo R$ 11,5 bilh\u00f5es, em 2021; e R$ 11,9 bilh\u00f5es em 2022.<\/p>\n\n\n\n<p><strong>MaisPB<\/strong><\/p>\n","protected":false},"excerpt":{"rendered":"<p>O presidente da Assembleia Legislativa da Para\u00edba (ALPB), Adriano Galdino (PSB), avaliou positivamente o primeiro semestre de trabalho da nova legislatura e destacou a vota\u00e7\u00e3o&hellip; <\/p>\n","protected":false},"author":1,"featured_media":86821,"comment_status":"closed","ping_status":"closed","sticky":false,"template":"","format":"standard","meta":{"sfsi_plus_gutenberg_text_before_share":"","sfsi_plus_gutenberg_show_text_before_share":"","sfsi_plus_gutenberg_icon_type":"","sfsi_plus_gutenberg_icon_alignemt":"","sfsi_plus_gutenburg_max_per_row":"","footnotes":""},"categories":[11],"tags":[],"class_list":["post-100833","post","type-post","status-publish","format-standard","has-post-thumbnail","hentry","category-politica"],"_links":{"self":[{"href":"https:\/\/www.caririemacao.com\/1\/wp-json\/wp\/v2\/posts\/100833","targetHints":{"allow":["GET"]}}],"collection":[{"href":"https:\/\/www.caririemacao.com\/1\/wp-json\/wp\/v2\/posts"}],"about":[{"href":"https:\/\/www.caririemacao.com\/1\/wp-json\/wp\/v2\/types\/post"}],"author":[{"embeddable":true,"href":"https:\/\/www.caririemacao.com\/1\/wp-json\/wp\/v2\/users\/1"}],"replies":[{"embeddable":true,"href":"https:\/\/www.caririemacao.com\/1\/wp-json\/wp\/v2\/comments?post=100833"}],"version-history":[{"count":1,"href":"https:\/\/www.caririemacao.com\/1\/wp-json\/wp\/v2\/posts\/100833\/revisions"}],"predecessor-version":[{"id":100834,"href":"https:\/\/www.caririemacao.com\/1\/wp-json\/wp\/v2\/posts\/100833\/revisions\/100834"}],"wp:featuredmedia":[{"embeddable":true,"href":"https:\/\/www.caririemacao.com\/1\/wp-json\/wp\/v2\/media\/86821"}],"wp:attachment":[{"href":"https:\/\/www.caririemacao.com\/1\/wp-json\/wp\/v2\/media?parent=100833"}],"wp:term":[{"taxonomy":"category","embeddable":true,"href":"https:\/\/www.caririemacao.com\/1\/wp-json\/wp\/v2\/categories?post=100833"},{"taxonomy":"post_tag","embeddable":true,"href":"https:\/\/www.caririemacao.com\/1\/wp-json\/wp\/v2\/tags?post=100833"}],"curies":[{"name":"wp","href":"https:\/\/api.w.org\/{rel}","templated":true}]}}