{"id":100841,"date":"2019-06-18T12:24:08","date_gmt":"2019-06-18T15:24:08","guid":{"rendered":"http:\/\/www.caririemacao.com\/1\/?p=100841"},"modified":"2019-06-18T12:24:08","modified_gmt":"2019-06-18T15:24:08","slug":"famup-orienta-prefeitos-por-apoio-de-deputados","status":"publish","type":"post","link":"https:\/\/www.caririemacao.com\/1\/2019\/06\/18\/famup-orienta-prefeitos-por-apoio-de-deputados\/","title":{"rendered":"Famup orienta prefeitos por apoio de deputados"},"content":{"rendered":"\n<p>Esta ser\u00e1 uma semana decisiva no Congresso Nacional para o movimento municipalista. A Federa\u00e7\u00e3o das Associa\u00e7\u00f5es de Munic\u00edpios da Para\u00edba (Famup), por meio do presidente George Coelho, est\u00e1 orientando prefeitos a buscarem apoio dos seus deputados federais para lutarem pela aprova\u00e7\u00e3o de projetos importantes para os munic\u00edpios como a PEC 391\/2017, do 1% do Fundo de Participa\u00e7\u00e3o dos Munic\u00edpios (FPM) para setembro; a PEC 376\/2009, da unifica\u00e7\u00e3o das elei\u00e7\u00f5es; e a PEC 06\/2019, da Nova Previd\u00eancia, todos em tramita\u00e7\u00e3o na C\u00e2mara dos Deputados.<\/p>\n\n\n\n<p>\u201cPrecisamos nos mobilizar para que essas mat\u00e9rias tramitem e sejam aprovadas na C\u00e2mara dos Deputados. Esse \u00e9 um momento de estarmos unidos em defesa dos munic\u00edpios. Por isso, \u00e9 preciso entrar em contato com o deputado que apoiamos para pedir essa ajuda. Essas PECs s\u00e3o essenciais para a garantia da manuten\u00e7\u00e3o das administra\u00e7\u00f5es municipais e deve entrar na pauta esta semana\u201d, destacou o presidente George Coelho.<\/p>\n\n\n\n<p>A primeira, que prev\u00ea o acr\u00e9scimo no principal repasse da Uni\u00e3o aos Munic\u00edpios, aguarda aprecia\u00e7\u00e3o em comiss\u00e3o especial. O relator, deputado J\u00falio C\u00e9sar (PSD-PI), junto ao presidente da comiss\u00e3o especial, deputado Pedro Westphalen (PP-RS), pretendem fazer a leitura do texto e coloc\u00e1-lo para vota\u00e7\u00e3o na reuni\u00e3o prevista para esta ter\u00e7a-feira (18). H\u00e1, por\u00e9m, a dificuldade de atingir qu\u00f3rum m\u00ednimo para a sess\u00e3o deliberativa, j\u00e1 que a semana conta com um feriado na quinta-feira (20) e a Casa est\u00e1 com outros projetos de peso pautados.<\/p>\n\n\n\n<p>Sobre a proposta da unifica\u00e7\u00e3o das elei\u00e7\u00f5es, h\u00e1 resist\u00eancia dos parlamentares e do presidente da Comiss\u00e3o de Constitui\u00e7\u00e3o e Justi\u00e7a e de Cidadania (CCJC), deputado Felipe Francischini (PSL-PR), em pautar o projeto no colegiado. Na \u00faltima semana, o presidente da Confedera\u00e7\u00e3o Nacional de Munic\u00edpios (CNM), Aroldi, prefeitos, lideran\u00e7as municipalistas de todo pa\u00eds e parlamentares se mobilizaram pelas assinaturas necess\u00e1rias, mas n\u00e3o houve votos suficientes para inserir a mat\u00e9ria nos trabalhos do dia.<\/p>\n\n\n\n<p>Por \u00faltimo, discutir o relat\u00f3rio da PEC 06\/2019, apresentado pelo deputado Samuel Moreira (PSDB-SP) que n\u00e3o contempla Estados e Munic\u00edpios na reforma previdenci\u00e1ria. Em acordo dos l\u00edderes da C\u00e2mara, os parlamentares optaram por deixar os entes subnacionais de fora, reconhecendo a possibilidade de incorpor\u00e1-los por emenda. O objetivo \u00e9 lutar com os governos estaduais para que os Regimes Pr\u00f3prios de Previd\u00eancia Social (RPPS) n\u00e3o sejam penalizados, dependendo de uma reforma espec\u00edfica a ser realizada no Estado ou no Munic\u00edpio posteriormente.<\/p>\n\n\n\n<p><strong>MaisPB<\/strong><\/p>\n","protected":false},"excerpt":{"rendered":"<p>Esta ser\u00e1 uma semana decisiva no Congresso Nacional para o movimento municipalista. A Federa\u00e7\u00e3o das Associa\u00e7\u00f5es de Munic\u00edpios da Para\u00edba (Famup), por meio do presidente&hellip; <\/p>\n","protected":false},"author":1,"featured_media":100842,"comment_status":"closed","ping_status":"closed","sticky":false,"template":"","format":"standard","meta":{"sfsi_plus_gutenberg_text_before_share":"","sfsi_plus_gutenberg_show_text_before_share":"","sfsi_plus_gutenberg_icon_type":"","sfsi_plus_gutenberg_icon_alignemt":"","sfsi_plus_gutenburg_max_per_row":"","footnotes":""},"categories":[11],"tags":[],"class_list":["post-100841","post","type-post","status-publish","format-standard","has-post-thumbnail","hentry","category-politica"],"_links":{"self":[{"href":"https:\/\/www.caririemacao.com\/1\/wp-json\/wp\/v2\/posts\/100841","targetHints":{"allow":["GET"]}}],"collection":[{"href":"https:\/\/www.caririemacao.com\/1\/wp-json\/wp\/v2\/posts"}],"about":[{"href":"https:\/\/www.caririemacao.com\/1\/wp-json\/wp\/v2\/types\/post"}],"author":[{"embeddable":true,"href":"https:\/\/www.caririemacao.com\/1\/wp-json\/wp\/v2\/users\/1"}],"replies":[{"embeddable":true,"href":"https:\/\/www.caririemacao.com\/1\/wp-json\/wp\/v2\/comments?post=100841"}],"version-history":[{"count":1,"href":"https:\/\/www.caririemacao.com\/1\/wp-json\/wp\/v2\/posts\/100841\/revisions"}],"predecessor-version":[{"id":100843,"href":"https:\/\/www.caririemacao.com\/1\/wp-json\/wp\/v2\/posts\/100841\/revisions\/100843"}],"wp:featuredmedia":[{"embeddable":true,"href":"https:\/\/www.caririemacao.com\/1\/wp-json\/wp\/v2\/media\/100842"}],"wp:attachment":[{"href":"https:\/\/www.caririemacao.com\/1\/wp-json\/wp\/v2\/media?parent=100841"}],"wp:term":[{"taxonomy":"category","embeddable":true,"href":"https:\/\/www.caririemacao.com\/1\/wp-json\/wp\/v2\/categories?post=100841"},{"taxonomy":"post_tag","embeddable":true,"href":"https:\/\/www.caririemacao.com\/1\/wp-json\/wp\/v2\/tags?post=100841"}],"curies":[{"name":"wp","href":"https:\/\/api.w.org\/{rel}","templated":true}]}}