{"id":100856,"date":"2019-06-18T12:31:45","date_gmt":"2019-06-18T15:31:45","guid":{"rendered":"http:\/\/www.caririemacao.com\/1\/?p=100856"},"modified":"2019-06-18T12:31:45","modified_gmt":"2019-06-18T15:31:45","slug":"prouni-2019-amanha-sai-o-resultado-da-1a-chamada","status":"publish","type":"post","link":"https:\/\/www.caririemacao.com\/1\/2019\/06\/18\/prouni-2019-amanha-sai-o-resultado-da-1a-chamada\/","title":{"rendered":"Prouni 2019: amanh\u00e3 sai o resultado da 1\u00aa chamada"},"content":{"rendered":"\n<p>Os candidatos interessados no (Prouni) 2019 devem ficar atentos, pois amanh\u00e3 (18) sai o resultado da 1\u00aa chamada do Programa Universidade para Todos, v\u00e1lido para o segundo semestre deste ano. A consulta dos contemplados pode ser feira no site do programa e das Institui\u00e7\u00f5es de Ensino Superior (IES) participantes.<\/p>\n\n\n\n<p>Pr\u00e9-selecionados nesta etapa dever\u00e3o realizar a comprova\u00e7\u00e3o das informa\u00e7\u00f5es, entre 18 e 25 de junho, por meio da apresenta\u00e7\u00e3o dos documentos que assegurem a veracidade dos dados fornecidos na inscri\u00e7\u00e3o. Cabe ao candidato acompanhar as orienta\u00e7\u00f5es necess\u00e1rias, observando os hor\u00e1rios e o local de comparecimento informados pela IES.<\/p>\n\n\n\n<p>Se o prazo n\u00e3o for respeitado, ou n\u00e3o haja comprova\u00e7\u00e3o, haver\u00e1 a reprova\u00e7\u00e3o autom\u00e1tica. Por isso, \u201ca pr\u00e9-sele\u00e7\u00e3o, em qualquer das chamadas do Prouni, assegura ao candidato apenas a expectativa de direito \u00e0 bolsa\u201d, j\u00e1 que \u00e9 preciso ainda participar das etapas posteriores.<\/p>\n\n\n\n<p><strong>Entenda a segunda chamada do Prouni<\/strong><\/p>\n\n\n\n<p>O programa \u00e9 dividido em duas chamadas sucessivas. No caso da&nbsp;segunda chamada do Prouni, a lista de pr\u00e9-selecionados estar\u00e1 dispon\u00edvel em 02 de julho e os candidatos convocados dever\u00e3o comprovar os dados at\u00e9 o dia 08 do respectivo m\u00eas.<\/p>\n\n\n\n<p><strong>Prouni 2019.2<\/strong><\/p>\n\n\n\n<p>Foram ofertadas 169 mil bolsas de estudo, neste segundo semestre. Dos 33.830 cursos ofertados, Administra\u00e7\u00e3o somou a maioria das oportunidades: 17.004 bolsas de estudo em 983 munic\u00edpios do pa\u00eds. Em seguida, aparecem as forma\u00e7\u00f5es em Pedagogia (13.387) e Ci\u00eancias Cont\u00e1beis&nbsp;(10.817).<\/p>\n","protected":false},"excerpt":{"rendered":"<p>Os candidatos interessados no (Prouni) 2019 devem ficar atentos, pois amanh\u00e3 (18) sai o resultado da 1\u00aa chamada do Programa Universidade para Todos, v\u00e1lido para&hellip; <\/p>\n","protected":false},"author":1,"featured_media":62170,"comment_status":"closed","ping_status":"closed","sticky":false,"template":"","format":"standard","meta":{"sfsi_plus_gutenberg_text_before_share":"","sfsi_plus_gutenberg_show_text_before_share":"","sfsi_plus_gutenberg_icon_type":"","sfsi_plus_gutenberg_icon_alignemt":"","sfsi_plus_gutenburg_max_per_row":"","footnotes":""},"categories":[14],"tags":[],"class_list":["post-100856","post","type-post","status-publish","format-standard","has-post-thumbnail","hentry","category-educacao"],"_links":{"self":[{"href":"https:\/\/www.caririemacao.com\/1\/wp-json\/wp\/v2\/posts\/100856","targetHints":{"allow":["GET"]}}],"collection":[{"href":"https:\/\/www.caririemacao.com\/1\/wp-json\/wp\/v2\/posts"}],"about":[{"href":"https:\/\/www.caririemacao.com\/1\/wp-json\/wp\/v2\/types\/post"}],"author":[{"embeddable":true,"href":"https:\/\/www.caririemacao.com\/1\/wp-json\/wp\/v2\/users\/1"}],"replies":[{"embeddable":true,"href":"https:\/\/www.caririemacao.com\/1\/wp-json\/wp\/v2\/comments?post=100856"}],"version-history":[{"count":1,"href":"https:\/\/www.caririemacao.com\/1\/wp-json\/wp\/v2\/posts\/100856\/revisions"}],"predecessor-version":[{"id":100857,"href":"https:\/\/www.caririemacao.com\/1\/wp-json\/wp\/v2\/posts\/100856\/revisions\/100857"}],"wp:featuredmedia":[{"embeddable":true,"href":"https:\/\/www.caririemacao.com\/1\/wp-json\/wp\/v2\/media\/62170"}],"wp:attachment":[{"href":"https:\/\/www.caririemacao.com\/1\/wp-json\/wp\/v2\/media?parent=100856"}],"wp:term":[{"taxonomy":"category","embeddable":true,"href":"https:\/\/www.caririemacao.com\/1\/wp-json\/wp\/v2\/categories?post=100856"},{"taxonomy":"post_tag","embeddable":true,"href":"https:\/\/www.caririemacao.com\/1\/wp-json\/wp\/v2\/tags?post=100856"}],"curies":[{"name":"wp","href":"https:\/\/api.w.org\/{rel}","templated":true}]}}