{"id":100877,"date":"2019-06-18T12:37:04","date_gmt":"2019-06-18T15:37:04","guid":{"rendered":"http:\/\/www.caririemacao.com\/1\/?p=100877"},"modified":"2019-06-18T12:37:04","modified_gmt":"2019-06-18T15:37:04","slug":"monteiro-deve-registrar-baixas-temperaturas-chegando-a-13oc-aponta-previsao","status":"publish","type":"post","link":"https:\/\/www.caririemacao.com\/1\/2019\/06\/18\/monteiro-deve-registrar-baixas-temperaturas-chegando-a-13oc-aponta-previsao\/","title":{"rendered":"Monteiro deve registrar baixas temperaturas chegando a 13\u00bac aponta previs\u00e3o"},"content":{"rendered":"\n<p>A cidade de Monteiro est\u00e1 em clima junino que ficou ainda mais completo com a chegada do frio nas noites monteirenses, prestes a iniciar a maratona de shows do S\u00e3o Jo\u00e3o 2019 a cidade come\u00e7a a registrar baixas temperaturas.&nbsp;O tempo nublado e chuvoso tem contribu\u00eddo para as baixas temperaturas na cidade, nesta ter\u00e7a-feira (18) a cidade vai registrar entre 16\u00bac e 15\u00bac j\u00e1 para a quarta-feira (19) a previs\u00e3o \u00e9 dos term\u00f4metros registrarem baixa em 13\u00bac com ventos de at\u00e9 16 km\/h. A previs\u00e3o indica que n\u00e3o deve chover na quarta, os dados est\u00e3o dispon\u00edveis no Google Tempo.<\/p>\n","protected":false},"excerpt":{"rendered":"<p>A cidade de Monteiro est\u00e1 em clima junino que ficou ainda mais completo com a chegada do frio nas noites monteirenses, prestes a iniciar a&hellip; <\/p>\n","protected":false},"author":1,"featured_media":100878,"comment_status":"closed","ping_status":"closed","sticky":false,"template":"","format":"standard","meta":{"sfsi_plus_gutenberg_text_before_share":"","sfsi_plus_gutenberg_show_text_before_share":"","sfsi_plus_gutenberg_icon_type":"","sfsi_plus_gutenberg_icon_alignemt":"","sfsi_plus_gutenburg_max_per_row":"","footnotes":""},"categories":[6,50],"tags":[],"class_list":["post-100877","post","type-post","status-publish","format-standard","has-post-thumbnail","hentry","category-cidades","category-destaque"],"_links":{"self":[{"href":"https:\/\/www.caririemacao.com\/1\/wp-json\/wp\/v2\/posts\/100877","targetHints":{"allow":["GET"]}}],"collection":[{"href":"https:\/\/www.caririemacao.com\/1\/wp-json\/wp\/v2\/posts"}],"about":[{"href":"https:\/\/www.caririemacao.com\/1\/wp-json\/wp\/v2\/types\/post"}],"author":[{"embeddable":true,"href":"https:\/\/www.caririemacao.com\/1\/wp-json\/wp\/v2\/users\/1"}],"replies":[{"embeddable":true,"href":"https:\/\/www.caririemacao.com\/1\/wp-json\/wp\/v2\/comments?post=100877"}],"version-history":[{"count":1,"href":"https:\/\/www.caririemacao.com\/1\/wp-json\/wp\/v2\/posts\/100877\/revisions"}],"predecessor-version":[{"id":100879,"href":"https:\/\/www.caririemacao.com\/1\/wp-json\/wp\/v2\/posts\/100877\/revisions\/100879"}],"wp:featuredmedia":[{"embeddable":true,"href":"https:\/\/www.caririemacao.com\/1\/wp-json\/wp\/v2\/media\/100878"}],"wp:attachment":[{"href":"https:\/\/www.caririemacao.com\/1\/wp-json\/wp\/v2\/media?parent=100877"}],"wp:term":[{"taxonomy":"category","embeddable":true,"href":"https:\/\/www.caririemacao.com\/1\/wp-json\/wp\/v2\/categories?post=100877"},{"taxonomy":"post_tag","embeddable":true,"href":"https:\/\/www.caririemacao.com\/1\/wp-json\/wp\/v2\/tags?post=100877"}],"curies":[{"name":"wp","href":"https:\/\/api.w.org\/{rel}","templated":true}]}}