{"id":100882,"date":"2019-06-18T12:41:15","date_gmt":"2019-06-18T15:41:15","guid":{"rendered":"http:\/\/www.caririemacao.com\/1\/?p=100882"},"modified":"2019-06-18T12:41:15","modified_gmt":"2019-06-18T15:41:15","slug":"joao-azevedo-confirma-para-quarta-pagamento-da-primeira-parcela-do-13","status":"publish","type":"post","link":"https:\/\/www.caririemacao.com\/1\/2019\/06\/18\/joao-azevedo-confirma-para-quarta-pagamento-da-primeira-parcela-do-13\/","title":{"rendered":"Jo\u00e3o Azev\u00eado confirma para quarta pagamento da primeira parcela do 13\u00b0"},"content":{"rendered":"\n<p>O governador da Para\u00edba, Jo\u00e3o Azev\u00eado (PSB), anunciou que o pagamento da primeira parcela do d\u00e9cimo terceiro sal\u00e1rio acontecer\u00e1 nesta quarta-feira (19).<\/p>\n\n\n\n<p>Ele lembrou que, quando pagar a folha de junho no final deste m\u00eas, o Estado ter\u00e1 injetado na economia, em intervalo de apenas 30 dias, mais de 850 milh\u00f5es de reais (folha de maio e junho e primeira parcela do 13 sal\u00e1rio m\u00ednimo).<\/p>\n\n\n\n<p>O an\u00fancio do governador se deu durante o programa \u2018Fala, Governador\u2019, dessa segunda-feira (17).<\/p>\n","protected":false},"excerpt":{"rendered":"<p>O governador da Para\u00edba, Jo\u00e3o Azev\u00eado (PSB), anunciou que o pagamento da primeira parcela do d\u00e9cimo terceiro sal\u00e1rio acontecer\u00e1 nesta quarta-feira (19). Ele lembrou que,&hellip; <\/p>\n","protected":false},"author":1,"featured_media":99189,"comment_status":"closed","ping_status":"closed","sticky":false,"template":"","format":"standard","meta":{"sfsi_plus_gutenberg_text_before_share":"","sfsi_plus_gutenberg_show_text_before_share":"","sfsi_plus_gutenberg_icon_type":"","sfsi_plus_gutenberg_icon_alignemt":"","sfsi_plus_gutenburg_max_per_row":"","footnotes":""},"categories":[11],"tags":[],"class_list":["post-100882","post","type-post","status-publish","format-standard","has-post-thumbnail","hentry","category-politica"],"_links":{"self":[{"href":"https:\/\/www.caririemacao.com\/1\/wp-json\/wp\/v2\/posts\/100882","targetHints":{"allow":["GET"]}}],"collection":[{"href":"https:\/\/www.caririemacao.com\/1\/wp-json\/wp\/v2\/posts"}],"about":[{"href":"https:\/\/www.caririemacao.com\/1\/wp-json\/wp\/v2\/types\/post"}],"author":[{"embeddable":true,"href":"https:\/\/www.caririemacao.com\/1\/wp-json\/wp\/v2\/users\/1"}],"replies":[{"embeddable":true,"href":"https:\/\/www.caririemacao.com\/1\/wp-json\/wp\/v2\/comments?post=100882"}],"version-history":[{"count":1,"href":"https:\/\/www.caririemacao.com\/1\/wp-json\/wp\/v2\/posts\/100882\/revisions"}],"predecessor-version":[{"id":100883,"href":"https:\/\/www.caririemacao.com\/1\/wp-json\/wp\/v2\/posts\/100882\/revisions\/100883"}],"wp:featuredmedia":[{"embeddable":true,"href":"https:\/\/www.caririemacao.com\/1\/wp-json\/wp\/v2\/media\/99189"}],"wp:attachment":[{"href":"https:\/\/www.caririemacao.com\/1\/wp-json\/wp\/v2\/media?parent=100882"}],"wp:term":[{"taxonomy":"category","embeddable":true,"href":"https:\/\/www.caririemacao.com\/1\/wp-json\/wp\/v2\/categories?post=100882"},{"taxonomy":"post_tag","embeddable":true,"href":"https:\/\/www.caririemacao.com\/1\/wp-json\/wp\/v2\/tags?post=100882"}],"curies":[{"name":"wp","href":"https:\/\/api.w.org\/{rel}","templated":true}]}}