{"id":100889,"date":"2019-06-18T13:35:33","date_gmt":"2019-06-18T16:35:33","guid":{"rendered":"http:\/\/www.caririemacao.com\/1\/?p=100889"},"modified":"2019-06-18T13:35:33","modified_gmt":"2019-06-18T16:35:33","slug":"prefeitura-de-camalau-paga-primeira-parcela-do-13o-salario-nesta-terca-feira","status":"publish","type":"post","link":"https:\/\/www.caririemacao.com\/1\/2019\/06\/18\/prefeitura-de-camalau-paga-primeira-parcela-do-13o-salario-nesta-terca-feira\/","title":{"rendered":"Prefeitura de Camala\u00fa paga primeira parcela do 13\u00ba sal\u00e1rio nesta ter\u00e7a-feira"},"content":{"rendered":"\n<p>Nesta ter\u00e7a-feira (08), a\nPrefeitura de Camala\u00fa iniciou o pagamento da primeira parcela do d\u00e9cimo\nterceiro sal\u00e1rio, contemplando os servidores municipais, conforme cronograma elaborado pela Secretaria Municipal de\nfinan\u00e7as.<\/p>\n\n\n\n<p>\u201cA inje\u00e7\u00e3o desses\nrecursos ajuda a fomentar o com\u00e9rcio, especialmente no per\u00edodo junino\u201d, informou\no prefeito Sandro M\u00f4co.<\/p>\n","protected":false},"excerpt":{"rendered":"<p>Nesta ter\u00e7a-feira (08), a Prefeitura de Camala\u00fa iniciou o pagamento da primeira parcela do d\u00e9cimo terceiro sal\u00e1rio, contemplando os servidores municipais, conforme cronograma elaborado pela&hellip; <\/p>\n","protected":false},"author":2,"featured_media":15964,"comment_status":"closed","ping_status":"closed","sticky":false,"template":"","format":"standard","meta":{"sfsi_plus_gutenberg_text_before_share":"","sfsi_plus_gutenberg_show_text_before_share":"","sfsi_plus_gutenberg_icon_type":"","sfsi_plus_gutenberg_icon_alignemt":"","sfsi_plus_gutenburg_max_per_row":"","footnotes":""},"categories":[50,2],"tags":[],"class_list":["post-100889","post","type-post","status-publish","format-standard","has-post-thumbnail","hentry","category-destaque","category-geral"],"_links":{"self":[{"href":"https:\/\/www.caririemacao.com\/1\/wp-json\/wp\/v2\/posts\/100889","targetHints":{"allow":["GET"]}}],"collection":[{"href":"https:\/\/www.caririemacao.com\/1\/wp-json\/wp\/v2\/posts"}],"about":[{"href":"https:\/\/www.caririemacao.com\/1\/wp-json\/wp\/v2\/types\/post"}],"author":[{"embeddable":true,"href":"https:\/\/www.caririemacao.com\/1\/wp-json\/wp\/v2\/users\/2"}],"replies":[{"embeddable":true,"href":"https:\/\/www.caririemacao.com\/1\/wp-json\/wp\/v2\/comments?post=100889"}],"version-history":[{"count":1,"href":"https:\/\/www.caririemacao.com\/1\/wp-json\/wp\/v2\/posts\/100889\/revisions"}],"predecessor-version":[{"id":100890,"href":"https:\/\/www.caririemacao.com\/1\/wp-json\/wp\/v2\/posts\/100889\/revisions\/100890"}],"wp:featuredmedia":[{"embeddable":true,"href":"https:\/\/www.caririemacao.com\/1\/wp-json\/wp\/v2\/media\/15964"}],"wp:attachment":[{"href":"https:\/\/www.caririemacao.com\/1\/wp-json\/wp\/v2\/media?parent=100889"}],"wp:term":[{"taxonomy":"category","embeddable":true,"href":"https:\/\/www.caririemacao.com\/1\/wp-json\/wp\/v2\/categories?post=100889"},{"taxonomy":"post_tag","embeddable":true,"href":"https:\/\/www.caririemacao.com\/1\/wp-json\/wp\/v2\/tags?post=100889"}],"curies":[{"name":"wp","href":"https:\/\/api.w.org\/{rel}","templated":true}]}}