{"id":100895,"date":"2019-06-18T21:17:57","date_gmt":"2019-06-19T00:17:57","guid":{"rendered":"http:\/\/www.caririemacao.com\/1\/?p=100895"},"modified":"2019-06-18T21:17:57","modified_gmt":"2019-06-19T00:17:57","slug":"solange-almeida-abre-oficialmente-sao-joao-de-monteiro-2019-nesta-sexta-feira-21-06","status":"publish","type":"post","link":"https:\/\/www.caririemacao.com\/1\/2019\/06\/18\/solange-almeida-abre-oficialmente-sao-joao-de-monteiro-2019-nesta-sexta-feira-21-06\/","title":{"rendered":"Solange Almeida abre oficialmente S\u00e3o Jo\u00e3o de Monteiro 2019 nesta sexta-feira (21\/06)"},"content":{"rendered":"\n<p>O&nbsp;<strong>S\u00e3o Jo\u00e3o de Monteiro 2019<\/strong>&nbsp;tem inicio nesta sexta-feira (21) e para dar o pontap\u00e9 inicial tem Solange Almeida, Samya Maia, Davi Louren\u00e7o e Marcelo e Santiago.&nbsp;Algumas altera\u00e7\u00f5es foram implementadas no evento a exemplo do local onde a festa acontecia, na pra\u00e7a jo\u00e3o Pessoa, foi transferida para a pra\u00e7a de eventos Zab\u00e9 da Loca, que fica \u00e0s margens do A\u00e7ude P\u00fablico.&nbsp;Al\u00e9m das atra\u00e7\u00f5es o S\u00e3o Jo\u00e3o de Monteiro conta com diversos atrativos para os monteirenses e visitantes, veja abaixo o cronograma que separamos para voc\u00ea se divertir na cidade Forr\u00f3.&nbsp;<strong>S\u00edtio S\u00e3o Francisco<\/strong>&nbsp;Homenageando o Santo que nomeia o rio que revigorou Monteiro, o segundo cen\u00e1rio do S\u00e3o Jo\u00e3o de Monteiro abriga com\u00e9rcio de comidas e bebidas, al\u00e9m de incluir um palco onde se apresenta a programa\u00e7\u00e3o alternativa do S\u00e3o Jo\u00e3o \u2013 Uma Festa Cada Vez Melhor. O S\u00edtio S\u00e3o Francisco se localiza na lateral do Mercado P\u00fablico Municipal e cont\u00e9m em seu espa\u00e7o a Vila da Imprensa, a Igrejinha, barracas onde artistas locais exp\u00f5em o seu trabalho artesanal, al\u00e9m da Casa de Taipa que tem em seu interior o design e m\u00f3veis utilizados pelos primeiros moradores da cidade. Confira a programa\u00e7\u00e3o:<strong>&nbsp;<\/strong><strong>Cavalgada Junina<\/strong>&nbsp;O encontro de cavaleiros e amazonas de v\u00e1rios estados acontece no domingo, dia 23. A concentra\u00e7\u00e3o acontece na Fazenda Embrapa a partir das 09 horas da manh\u00e3, e o percurso ser\u00e1 de 10 kil\u00f4metros.<strong>&nbsp;<\/strong><strong>Pedalada Junina<\/strong>&nbsp;N\u00e3o \u00e9 s\u00f3 a paisagem e o forr\u00f3 que motivam os monteirenses e turistas, os esportistas adeptos do pedal tamb\u00e9m tem seu espa\u00e7o, sendo o Pedala Junino tamb\u00e9m um dos grandes atrativos do S\u00e3o Jo\u00e3o de Monteiro. Para os interessados, basta se vestir a car\u00e1ter e ir pro Parque das \u00c1guas no dia 28 \u00e0s 15 horas e participar.&nbsp;<strong>Bus\u00e3o do Forr\u00f3<\/strong>&nbsp;Uma cidade como Monteiro guarda em cada canto uma beleza diferente, tendo em vista a quantidade de turistas que fazem sua primeira ou mil\u00e9sima visita, n\u00e3o poderia deixar de ter um tour forroz\u00edstico. Assim foi criado o Bus\u00e3o do Forro, que leva os turistas pelos principais pontos tur\u00edsticos da cidade com muita alegria, forr\u00f3 e arrasta-p\u00e9. O trajeto tem seu in\u00edcio e fim no S\u00edtio S\u00e3o Francisco. Para quem quer conhecer a cidade com muito forr\u00f3, o passeio acontece no dia 22 de junho.<strong>Casamento Comunit\u00e1rio<\/strong>Uma a\u00e7\u00e3o social em um dos mais belos cen\u00e1rios implantados na cidade, o S\u00edtio S\u00e3o Francisco acolhe cerca de 20 casais, em cada ano, para um \u201csim\u201d bastante rom\u00e2ntico com direito a convidados, padrinhos, comes e bebes, e claro uma grandiosa comemora\u00e7\u00e3o do jeito caririzeiro, com o melhor do forr\u00f3 pra comemorar. Neste ano a festa acontece no dia 27 de junho.<strong>PROGRAMA\u00c7\u00c3O DE SHOWS<\/strong><\/p>\n\n\n\n<div class=\"wp-block-image\"><figure class=\"aligncenter\"><a href=\"http:\/\/www.portaltvcariri.com.br\/solange-almeida-abre-oficialmente-sao-joao-de-monteiro-2019-nesta-sexta-feira-21-06\/programacao-do-sao-joao-de-monteiro\/\"><img decoding=\"async\" data-src=\"https:\/\/i0.wp.com\/www.portaltvcariri.com.br\/wp-content\/uploads\/2019\/06\/programa%C3%A7%C3%A3o-do-s%C3%A3o-jo%C3%A3o-de-monteiro.jpg?resize=696%2C696&amp;ssl=1\" alt=\"programa\u00e7\u00e3o do s\u00e3o jo\u00e3o de monteiro\" class=\"wp-image-75687 lazyload\" src=\"data:image\/svg+xml;base64,PHN2ZyB3aWR0aD0iMSIgaGVpZ2h0PSIxIiB4bWxucz0iaHR0cDovL3d3dy53My5vcmcvMjAwMC9zdmciPjwvc3ZnPg==\" \/><\/a><\/figure><\/div>\n\n\n\n<p><strong>Dia 21<\/strong><\/p>\n\n\n\n<p>16 HORAS \u2013 Trio P\u00e9 de SerraAn\u00fancio<\/p>\n\n\n\n<p>18 HORAS \u2013 Sussa de Monteiro<\/p>\n\n\n\n<p>19:30 \u2013 Xote Universit\u00e1rio<\/p>\n\n\n\n<p><strong>Dia 22<\/strong><\/p>\n\n\n\n<p>16 HORAS \u2013 Trio P\u00e9 de Serra<\/p>\n\n\n\n<p>18 HORAS \u2013 Forr\u00f3 Gente Boa<\/p>\n\n\n\n<p>19:30 \u2013 Tonny Lucco<\/p>\n\n\n\n<p><strong>Dia 23<\/strong><\/p>\n\n\n\n<p>16 HORAS \u2013 Trio P\u00e9 de Serra<\/p>\n\n\n\n<p>18 HORAS \u2013 AMIGOS DE MONTEIRO (Nanado, Ulisses, Marcone e Edilson)<\/p>\n\n\n\n<p>19:30 \u2013 Ragner Vox<\/p>\n\n\n\n<p><strong>Dia 24<\/strong><\/p>\n\n\n\n<p>16 HORAS \u2013 Trio P\u00e9 de Serra<\/p>\n\n\n\n<p>18 HORAS \u2013 FORR\u00d3 KENT<\/p>\n\n\n\n<p>19:30 \u2013 Vav\u00e1 Dias<\/p>\n\n\n\n<p><strong>Dia 25<\/strong><\/p>\n\n\n\n<p>16 HORAS \u2013 Trio P\u00e9 de Serra<\/p>\n\n\n\n<p>18 HORAS \u2013 M W Show<\/p>\n\n\n\n<p><strong>Dia 26<\/strong><\/p>\n\n\n\n<p>16 HORAS \u2013 Trio P\u00e9 de Serra<\/p>\n\n\n\n<p>18 HORAS \u2013 Amor Falso<\/p>\n\n\n\n<p><strong>Dia 27<\/strong><\/p>\n\n\n\n<p>16 HORAS \u2013 Trio P\u00e9 de Serra<\/p>\n\n\n\n<p>17 HORAS \u2013 Casamento Comunit\u00e1rio<\/p>\n\n\n\n<p>18 HORAS \u2013 Forr\u00f3 do Candeeiro<\/p>\n\n\n\n<p>19:30 \u2013 Patr\u00f5es do Forr\u00f3<\/p>\n","protected":false},"excerpt":{"rendered":"<p>O&nbsp;S\u00e3o Jo\u00e3o de Monteiro 2019&nbsp;tem inicio nesta sexta-feira (21) e para dar o pontap\u00e9 inicial tem Solange Almeida, Samya Maia, Davi Louren\u00e7o e Marcelo e&hellip; <\/p>\n","protected":false},"author":1,"featured_media":100896,"comment_status":"closed","ping_status":"closed","sticky":false,"template":"","format":"standard","meta":{"sfsi_plus_gutenberg_text_before_share":"","sfsi_plus_gutenberg_show_text_before_share":"","sfsi_plus_gutenberg_icon_type":"","sfsi_plus_gutenberg_icon_alignemt":"","sfsi_plus_gutenburg_max_per_row":"","footnotes":""},"categories":[6,50],"tags":[],"class_list":["post-100895","post","type-post","status-publish","format-standard","has-post-thumbnail","hentry","category-cidades","category-destaque"],"_links":{"self":[{"href":"https:\/\/www.caririemacao.com\/1\/wp-json\/wp\/v2\/posts\/100895","targetHints":{"allow":["GET"]}}],"collection":[{"href":"https:\/\/www.caririemacao.com\/1\/wp-json\/wp\/v2\/posts"}],"about":[{"href":"https:\/\/www.caririemacao.com\/1\/wp-json\/wp\/v2\/types\/post"}],"author":[{"embeddable":true,"href":"https:\/\/www.caririemacao.com\/1\/wp-json\/wp\/v2\/users\/1"}],"replies":[{"embeddable":true,"href":"https:\/\/www.caririemacao.com\/1\/wp-json\/wp\/v2\/comments?post=100895"}],"version-history":[{"count":1,"href":"https:\/\/www.caririemacao.com\/1\/wp-json\/wp\/v2\/posts\/100895\/revisions"}],"predecessor-version":[{"id":100897,"href":"https:\/\/www.caririemacao.com\/1\/wp-json\/wp\/v2\/posts\/100895\/revisions\/100897"}],"wp:featuredmedia":[{"embeddable":true,"href":"https:\/\/www.caririemacao.com\/1\/wp-json\/wp\/v2\/media\/100896"}],"wp:attachment":[{"href":"https:\/\/www.caririemacao.com\/1\/wp-json\/wp\/v2\/media?parent=100895"}],"wp:term":[{"taxonomy":"category","embeddable":true,"href":"https:\/\/www.caririemacao.com\/1\/wp-json\/wp\/v2\/categories?post=100895"},{"taxonomy":"post_tag","embeddable":true,"href":"https:\/\/www.caririemacao.com\/1\/wp-json\/wp\/v2\/tags?post=100895"}],"curies":[{"name":"wp","href":"https:\/\/api.w.org\/{rel}","templated":true}]}}