{"id":101004,"date":"2019-06-19T10:59:51","date_gmt":"2019-06-19T13:59:51","guid":{"rendered":"http:\/\/www.caririemacao.com\/1\/?p=101004"},"modified":"2019-06-19T10:59:51","modified_gmt":"2019-06-19T13:59:51","slug":"joao-azevedo-estabelece-lei-que-proibe-cortes-de-agua-luz-e-telefonia-em-finais-de-semana-ou-feriados","status":"publish","type":"post","link":"https:\/\/www.caririemacao.com\/1\/2019\/06\/19\/joao-azevedo-estabelece-lei-que-proibe-cortes-de-agua-luz-e-telefonia-em-finais-de-semana-ou-feriados\/","title":{"rendered":"Jo\u00e3o Azev\u00eado estabelece lei que pro\u00edbe cortes de \u00e1gua, luz e telefonia em finais de semana ou feriados"},"content":{"rendered":"\n<p>O governador Jo\u00e3o Azev\u00eado (PSB) sancionou, nesta quarta-feira (19), em publica\u00e7\u00e3o no&nbsp;<a href=\"https:\/\/auniao.pb.gov.br\/doe\" target=\"_blank\" rel=\"noreferrer noopener\">Di\u00e1rio Oficial do Estado (DOE)<\/a>, uma lei que pro\u00edbe o corte dos servi\u00e7os de \u00e1gua, luz e telefonia em finais de semana e feriados em toda a Para\u00edba.<\/p>\n\n\n\n<p>A san\u00e7\u00e3o do governador ao projeto de lei \u00e9 de autoria do deputado Ricardo Barbosa (PSB) foi publicada na edi\u00e7\u00e3o desta quarta-feira (19) do Di\u00e1rio Oficial do Estado.<\/p>\n\n\n\n<p>Na publica\u00e7\u00e3o, o texto da lei estabelece que as empresas de concess\u00e3o destes servi\u00e7os p\u00fablicos ficam impedidas de fazer o corte por falta de pagamento \u00e0s sextas-feiras, s\u00e1bados, domingos, feriados e no \u00faltimo dia \u00fatil anterior a feriado. Ainda foram estabelecidos os hor\u00e1rios proibidos para o corte, que seriam entre as 12h de sexta-feira e as 8h da segunda-feira e entre as 12h do dia \u00fatil lanterior e 8h do dia subsequente a feriado nacional, estadual ou municipal.<\/p>\n\n\n\n<p>A lei entra em vigor a partir do dia de sua publica\u00e7\u00e3o. Segundo a lei, o consumidor que tiver o fornecimento de \u00e1gua, energia ou telefonia suspenso nos dias proibidos poder\u00e1 acionar juridicamente a empresa concession\u00e1ria por perdas e danos. O consumidor tamb\u00e9m fica desobrigado de pagar o d\u00e9bito que provocou o corte do servi\u00e7o.<\/p>\n","protected":false},"excerpt":{"rendered":"<p>O governador Jo\u00e3o Azev\u00eado (PSB) sancionou, nesta quarta-feira (19), em publica\u00e7\u00e3o no&nbsp;Di\u00e1rio Oficial do Estado (DOE), uma lei que pro\u00edbe o corte dos servi\u00e7os de&hellip; <\/p>\n","protected":false},"author":2,"featured_media":101029,"comment_status":"closed","ping_status":"closed","sticky":false,"template":"","format":"standard","meta":{"sfsi_plus_gutenberg_text_before_share":"","sfsi_plus_gutenberg_show_text_before_share":"","sfsi_plus_gutenberg_icon_type":"","sfsi_plus_gutenberg_icon_alignemt":"","sfsi_plus_gutenburg_max_per_row":"","footnotes":""},"categories":[50,2,11],"tags":[],"class_list":["post-101004","post","type-post","status-publish","format-standard","has-post-thumbnail","hentry","category-destaque","category-geral","category-politica"],"_links":{"self":[{"href":"https:\/\/www.caririemacao.com\/1\/wp-json\/wp\/v2\/posts\/101004","targetHints":{"allow":["GET"]}}],"collection":[{"href":"https:\/\/www.caririemacao.com\/1\/wp-json\/wp\/v2\/posts"}],"about":[{"href":"https:\/\/www.caririemacao.com\/1\/wp-json\/wp\/v2\/types\/post"}],"author":[{"embeddable":true,"href":"https:\/\/www.caririemacao.com\/1\/wp-json\/wp\/v2\/users\/2"}],"replies":[{"embeddable":true,"href":"https:\/\/www.caririemacao.com\/1\/wp-json\/wp\/v2\/comments?post=101004"}],"version-history":[{"count":1,"href":"https:\/\/www.caririemacao.com\/1\/wp-json\/wp\/v2\/posts\/101004\/revisions"}],"predecessor-version":[{"id":101030,"href":"https:\/\/www.caririemacao.com\/1\/wp-json\/wp\/v2\/posts\/101004\/revisions\/101030"}],"wp:featuredmedia":[{"embeddable":true,"href":"https:\/\/www.caririemacao.com\/1\/wp-json\/wp\/v2\/media\/101029"}],"wp:attachment":[{"href":"https:\/\/www.caririemacao.com\/1\/wp-json\/wp\/v2\/media?parent=101004"}],"wp:term":[{"taxonomy":"category","embeddable":true,"href":"https:\/\/www.caririemacao.com\/1\/wp-json\/wp\/v2\/categories?post=101004"},{"taxonomy":"post_tag","embeddable":true,"href":"https:\/\/www.caririemacao.com\/1\/wp-json\/wp\/v2\/tags?post=101004"}],"curies":[{"name":"wp","href":"https:\/\/api.w.org\/{rel}","templated":true}]}}